{"id":427123,"date":"2016-09-08T09:45:32","date_gmt":"2016-09-08T14:45:32","guid":{"rendered":"https:\/\/www.futboltotal.com.mx\/?p=427123"},"modified":"2016-09-08T09:45:32","modified_gmt":"2016-09-08T14:45:32","slug":"alcacer-ilusionado-jugar-suarez-messi-neymar","status":"publish","type":"post","link":"http:\/\/desarrollo.grupomedios.com\/futbol\/futbol-internacional\/alcacer-ilusionado-jugar-suarez-messi-neymar\/2016\/09","title":{"rendered":"Alc\u00e1cer, ilusionado por jugar con Su\u00e1rez, Messi y Neymar"},"content":{"rendered":"<p>El valenciano <strong>Paco Alc\u00e1cer<\/strong>, que este jueves ha sido presentado como nuevo delantero del <strong>Barcelona<\/strong> para las cinco pr\u00f3ximas temporadas, ha asegurado que viene al club catal\u00e1n &#8220;con mucha ilusi\u00f3n, muchas ganas de mejorar y de crecer al lado de grandes jugadores&#8221;.<\/p>\n<p>Entre ellos, el famoso tridente ofensivo que tendr\u00e1 por delante, el formado por el uruguayo <strong>Luis Su\u00e1rez<\/strong>, el argentino <strong>Lionel Messi<\/strong> y el brasile\u00f1o <strong>Neymar da Silva<\/strong>, y con quienes compartir vestuario a definido como &#8220;un privilegio&#8221;.<\/p>\n<blockquote class=\"twitter-tweet\" data-lang=\"es\">\n<p dir=\"ltr\" lang=\"es\"> Paco Alc\u00e1cer: &#8220;Venir al Bar\u00e7a es un salto en mi carrera&#8221; <a href=\"https:\/\/t.co\/Ge1kZUhtyU\">https:\/\/t.co\/Ge1kZUhtyU<\/a> <a href=\"https:\/\/twitter.com\/hashtag\/FCBlive?src=hash\">#FCBlive<\/a> <a href=\"https:\/\/t.co\/74mzUqZ0LA\">pic.twitter.com\/74mzUqZ0LA<\/a><\/p>\n<p>\u2014 FC Barcelona (@FCBarcelona_es) <a href=\"https:\/\/twitter.com\/FCBarcelona_es\/status\/773864593915539456\">8 de septiembre de 2016<\/a><\/p><\/blockquote>\n<p><script async src=\"\/\/platform.twitter.com\/widgets.js\" charset=\"utf-8\"><\/script><\/p>\n<p>&#8220;El <em>Bar\u00e7a<\/em> es el mejor equipo del mundo, el que m\u00e1s f\u00fatbol crea y es una experiencia muy bonita estar al lado de<strong> Luis, Leo y Neymar<\/strong>. Voy a aprender mucho de ellos, tanto a nivel deportivo como personal, porque son muy humildes&#8221;, ha destacado.<\/p>\n<p><strong>Alc\u00e1cer<\/strong> sobre todo se ha deshecho en elogios hacia <strong>Su\u00e1rez<\/strong>, a quien considera &#8220;el mejor delantero del mundo&#8221;. Del charr\u00faa ha destacado &#8220;su movilidad, la efectividad que tiene de cara a gol y la guerra que da&#8221; y se ha mostrado convencido de que va a &#8220;aprender much\u00edsimo de \u00e9l&#8221; durante los pr\u00f3ximos a\u00f1os.<\/p>\n<p style=\"text-align: center;\"><span style=\"color: #3366ff;\"><strong>LEER M\u00c1S:\u00a0<a style=\"color: #3366ff;\" href=\"https:\/\/www.futboltotal.com.mx\/2016\/09\/raul-jimenez-sera-fichaje-caro-portugal\/\">Ra\u00fal Jim\u00e9nez ser\u00e1 el fichaje m\u00e1s caro de Portugal<\/a><\/strong><\/span><\/p>\n<p>Ya en la sala de prensa del Camp Nou y acompa\u00f1ado de su familia, ha sido presentado por el vicepresidente deportivo, Jordi Mestre; el director de los deportes profesionales, Albert Soler, y el secretario t\u00e9cnico de f\u00fatbol, Robert Fern\u00e1ndez.<\/p>\n<blockquote class=\"twitter-tweet\" data-lang=\"es\">\n<p dir=\"ltr\" lang=\"es\"> Albert Soler, Jordi Mestre y Robert Fern\u00e1ndez acompa\u00f1an a <a href=\"https:\/\/twitter.com\/hashtag\/AlcacerFCB?src=hash\">#AlcacerFCB<\/a> en la sala de prensa <a href=\"https:\/\/t.co\/ydGREJfw8c\">https:\/\/t.co\/ydGREJfw8c<\/a> <a href=\"https:\/\/t.co\/mhcbC6Stm3\">pic.twitter.com\/mhcbC6Stm3<\/a><\/p>\n<p>\u2014 FC Barcelona (@FCBarcelona_es) <a href=\"https:\/\/twitter.com\/FCBarcelona_es\/status\/773846224596307968\">8 de septiembre de 2016<\/a><\/p><\/blockquote>\n<p><script async src=\"\/\/platform.twitter.com\/widgets.js\" charset=\"utf-8\"><\/script><\/p>\n<p><strong>Alc\u00e1cer<\/strong> sabe que parte como suplente del famoso tridente y, aunque ha dicho que su posici\u00f3n natural es la de &#8220;delantero referente&#8221;, ha adelantado que se amoldar\u00e1 a lo que Luis Enrique le pida. &#8220;Si tengo que jugar en banda o incluso de segunda punta lo har\u00e9 sin problemas&#8221;, ha apostillado.<\/p>\n<p>Con 23 a\u00f1os reci\u00e9n cumplidos, no pod\u00eda &#8220;dejar escapar el tren&#8221; de jugar en el <em>Bar\u00e7a<\/em>: &#8220;Era dar un paso importante en mi carrera. Por eso no dud\u00e9 en venir&#8221;, ha insistido.<\/p>\n<p>Ha nombrado a los exvalencianistas David Villa y Roberto Soldado como los delantero que m\u00e1s le han influido y se ha definido como &#8220;un jugador de \u00e1rea, de gol a primer toque, de ir al primer palo&#8221;.<\/p>\n<p style=\"text-align: center;\"><strong><span style=\"color: #3366ff;\">LEER M\u00c1S:\u00a0<a style=\"color: #3366ff;\" href=\"https:\/\/www.futboltotal.com.mx\/2016\/09\/giovani-dos-santos-las-figuras-la-jornada-en-mls\/\">Giovani dos Santos figura en la MLS<\/a><\/span><\/strong><\/p>\n<p><iframe loading=\"lazy\" src=\"https:\/\/www.youtube.com\/embed\/f7MMA6PvjBc?feature=oembed\" frameborder=\"0\" allowfullscreen><\/iframe><\/p>\n","protected":false},"excerpt":{"rendered":"<p>Asegur\u00f3 que tiene muchas ganas de mejorar y de crecer al lado de grandes jugadores <\/p>\n","protected":false},"author":144,"featured_media":427125,"comment_status":"closed","ping_status":"closed","sticky":false,"template":"","format":"standard","meta":[],"categories":[3839,3844,5951],"tags":[5984,5171],"_links":{"self":[{"href":"http:\/\/desarrollo.grupomedios.com\/futbol\/wp-json\/wp\/v2\/posts\/427123"}],"collection":[{"href":"http:\/\/desarrollo.grupomedios.com\/futbol\/wp-json\/wp\/v2\/posts"}],"about":[{"href":"http:\/\/desarrollo.grupomedios.com\/futbol\/wp-json\/wp\/v2\/types\/post"}],"author":[{"embeddable":true,"href":"http:\/\/desarrollo.grupomedios.com\/futbol\/wp-json\/wp\/v2\/users\/144"}],"replies":[{"embeddable":true,"href":"http:\/\/desarrollo.grupomedios.com\/futbol\/wp-json\/wp\/v2\/comments?post=427123"}],"version-history":[{"count":0,"href":"http:\/\/desarrollo.grupomedios.com\/futbol\/wp-json\/wp\/v2\/posts\/427123\/revisions"}],"wp:featuredmedia":[{"embeddable":true,"href":"http:\/\/desarrollo.grupomedios.com\/futbol\/wp-json\/wp\/v2\/media\/427125"}],"wp:attachment":[{"href":"http:\/\/desarrollo.grupomedios.com\/futbol\/wp-json\/wp\/v2\/media?parent=427123"}],"wp:term":[{"taxonomy":"category","embeddable":true,"href":"http:\/\/desarrollo.grupomedios.com\/futbol\/wp-json\/wp\/v2\/categories?post=427123"},{"taxonomy":"post_tag","embeddable":true,"href":"http:\/\/desarrollo.grupomedios.com\/futbol\/wp-json\/wp\/v2\/tags?post=427123"}],"curies":[{"name":"wp","href":"https:\/\/api.w.org\/{rel}","templated":true}]}}