{"id":427165,"date":"2016-09-08T11:40:40","date_gmt":"2016-09-08T16:40:40","guid":{"rendered":"https:\/\/www.futboltotal.com.mx\/?p=427165"},"modified":"2016-09-08T11:40:40","modified_gmt":"2016-09-08T16:40:40","slug":"ryan-lochte-suspendido-mentir-en-rio-2016","status":"publish","type":"post","link":"http:\/\/desarrollo.grupomedios.com\/futbol\/otros-deportes\/ryan-lochte-suspendido-mentir-en-rio-2016\/2016\/09","title":{"rendered":"Ryan Lochte, suspendido por mentir en R\u00edo 2016"},"content":{"rendered":"<p>El nadador estadounidense <strong>Ryan <span class=\"classCadenaBusqueda\">Lochte<\/span><\/strong>, doce veces medallista ol\u00edmpico, recibir\u00e1 una sanci\u00f3n de 10 meses sin poder competir por el esc\u00e1ndalo que protagoniz\u00f3 en los <strong>Juegos de R\u00edo de Janeiro<\/strong> cuando se invent\u00f3 un asalto con pistolas, informaron hoy medios locales.<\/p>\n<p>La sanci\u00f3n, impuesta por el Comit\u00e9 Ol\u00edmpico de Estados Unidos (USOC, en ingl\u00e9s) y la federaci\u00f3n de nataci\u00f3n USA Swimming, impedir\u00e1 a <span class=\"classCadenaBusqueda\">Lochte<\/span> competir en el Campeonato Mundial de Nataci\u00f3n que acoger\u00e1 Budapest en julio de 2017.<\/p>\n<p>Seg\u00fan USA Today, los otros nadadores estadounidenses involucrados en el incidente de <strong>R\u00edo<\/strong>, James Feigen, Gunnar Bentz y Jack Conger, tambi\u00e9n recibir\u00e1n sanciones aunque menores a la de <span class=\"classCadenaBusqueda\">Lochte<\/span>.<\/p>\n<blockquote class=\"twitter-tweet\" data-lang=\"es\">\n<p dir=\"ltr\" lang=\"en\">Thanks to all the folks at pine bros. for your confidence in me. I look forward to making you proud.<\/p>\n<p>\u2014 Ryan Lochte (@RyanLochte) <a href=\"https:\/\/twitter.com\/RyanLochte\/status\/768906082815135744\">25 de agosto de 2016<\/a><\/p><\/blockquote>\n<p><script async src=\"\/\/platform.twitter.com\/widgets.js\" charset=\"utf-8\"><\/script><\/p>\n<p>De acuerdo con el portal TMZ.com, quien report\u00f3 inicialmente la noticia, las sanciones para Feigen, Bentz y Conger no exceder\u00e1n los cuatro meses fuera de las piscinas.<\/p>\n<p>Los cuatro nadadores, liderados por <strong><span class=\"classCadenaBusqueda\">Lochte<\/span><\/strong>, se inventaron durante los <strong>Juegos Ol\u00edmpicos de R\u00edo<\/strong> un falso asalto con pistolas por parte de delincuentes disfrazados de polic\u00edas que seg\u00fan su relato detuvieron el taxi con el que volv\u00edan de madrugada de una fiesta a la Villa Ol\u00edmpica.<\/p>\n<p>Las lagunas en sus versiones, junto a un v\u00eddeo que recog\u00eda su llegada a las instalaciones ol\u00edmpicas horas despu\u00e9s del supuesto asalto, tranquilos y con sus efectos personales, llevaron a la Polic\u00eda brasile\u00f1a a abrir una investigaci\u00f3n.<\/p>\n<p style=\"text-align: center;\"><strong><span style=\"color: #3366ff;\">LEER M\u00c1S:\u00a0<a style=\"color: #3366ff;\" href=\"https:\/\/www.futboltotal.com.mx\/2016\/09\/empire-state-se-ilumina-los-colores-del-barcelona\/\">Empire State se ilumina con los colores del Barcelona<\/a><\/span><\/strong><\/p>\n<p>Esa investigaci\u00f3n concluy\u00f3 que fueron precisamente los nadadores quienes provocaron destrozos en una gasolinera en la que pararon con el taxi y tambi\u00e9n un enfrentamiento con agentes de seguridad, que les hicieron pagar los desperfectos, un incidente que despu\u00e9s trataron de hacer pasar por un asalto.<\/p>\n<p>La justicia brasile\u00f1a orden\u00f3 la retenci\u00f3n de los pasaportes de los deportistas e impidi\u00f3 a dos de ellos (Bentz y Conger) que ya estaban en el aeropuerto de R\u00edo abordar el avi\u00f3n de vuelta a Estados Unidos, aunque s\u00ed pudieron hacerlo al d\u00eda siguiente despu\u00e9s de prestar declaraci\u00f3n.<\/p>\n<p>Por ese entonces, <strong><span class=\"classCadenaBusqueda\">Lochte<\/span><\/strong> era el \u00fanico de los cuatro que hab\u00eda vuelto a su pa\u00eds.<\/p>\n<p>La fiscal\u00eda brasile\u00f1a present\u00f3 cargos por &#8220;falsa comunicaci\u00f3n de crimen&#8221; contra Feigen, quien sell\u00f3 un acuerdo con la Justicia despu\u00e9s de una audiencia de cuatro horas para abonar una multa de 35.000 reales (unos 10.800 d\u00f3lares).<\/p>\n<p><span class=\"classCadenaBusqueda\">Lochte<\/span>, por su parte, enfrenta un proceso en Brasil tambi\u00e9n por &#8220;falsa comunicaci\u00f3n de crimen&#8221;.<\/p>\n<p>Tras reconocer que hab\u00eda mentido y pedir disculpas, <strong><span class=\"classCadenaBusqueda\">Lochte<\/span><\/strong> perdi\u00f3 los cuatro patrocinadores importantes que ten\u00eda como Speedo (prendas deportivas), Gentle Hair Removal (cosm\u00e9tica), Airwave (mobiliario) y Ralph Lauren (moda).<\/p>\n<blockquote class=\"twitter-tweet\" data-lang=\"es\">\n<p dir=\"ltr\" lang=\"en\">.<a href=\"https:\/\/twitter.com\/CherylBurke\">@cherylburke<\/a> and I taking a quick break from rehearsal to think of what our team name sho\u2026 <a href=\"https:\/\/t.co\/z3I4fcsmX1\">https:\/\/t.co\/z3I4fcsmX1<\/a> <a href=\"https:\/\/t.co\/qYegYKhd7U\">pic.twitter.com\/qYegYKhd7U<\/a><\/p>\n<p>\u2014 Ryan Lochte (@RyanLochte) <a href=\"https:\/\/twitter.com\/RyanLochte\/status\/771459801855496197\">1 de septiembre de 2016<\/a><\/p><\/blockquote>\n<p><script async src=\"\/\/platform.twitter.com\/widgets.js\" charset=\"utf-8\"><\/script><\/p>\n<p>Ahora, el nadador acept\u00f3 una oferta para participar en la pr\u00f3xima temporada del popular programa televisivo &#8220;Dancing with the Stars&#8221; (Bailando con las Estrellas) de la cadena ABC. EFE<\/p>\n<p style=\"text-align: center;\"><strong><span style=\"color: #3366ff;\">LEER M\u00c1S:\u00a0<a style=\"color: #3366ff;\" href=\"https:\/\/www.futboltotal.com.mx\/2016\/09\/giovani-dos-santos-las-figuras-la-jornada-en-mls\/\">Giovani dos Santos figura en la MLS<\/a><\/span><\/strong><\/p>\n","protected":false},"excerpt":{"rendered":"<p>Lochte recibir\u00e1 una sanci\u00f3n de 10 meses sin poder competir<\/p>\n","protected":false},"author":20,"featured_media":427181,"comment_status":"closed","ping_status":"closed","sticky":false,"template":"","format":"standard","meta":[],"categories":[7185,7182,7188,6411],"tags":[7413,5664],"_links":{"self":[{"href":"http:\/\/desarrollo.grupomedios.com\/futbol\/wp-json\/wp\/v2\/posts\/427165"}],"collection":[{"href":"http:\/\/desarrollo.grupomedios.com\/futbol\/wp-json\/wp\/v2\/posts"}],"about":[{"href":"http:\/\/desarrollo.grupomedios.com\/futbol\/wp-json\/wp\/v2\/types\/post"}],"author":[{"embeddable":true,"href":"http:\/\/desarrollo.grupomedios.com\/futbol\/wp-json\/wp\/v2\/users\/20"}],"replies":[{"embeddable":true,"href":"http:\/\/desarrollo.grupomedios.com\/futbol\/wp-json\/wp\/v2\/comments?post=427165"}],"version-history":[{"count":0,"href":"http:\/\/desarrollo.grupomedios.com\/futbol\/wp-json\/wp\/v2\/posts\/427165\/revisions"}],"wp:featuredmedia":[{"embeddable":true,"href":"http:\/\/desarrollo.grupomedios.com\/futbol\/wp-json\/wp\/v2\/media\/427181"}],"wp:attachment":[{"href":"http:\/\/desarrollo.grupomedios.com\/futbol\/wp-json\/wp\/v2\/media?parent=427165"}],"wp:term":[{"taxonomy":"category","embeddable":true,"href":"http:\/\/desarrollo.grupomedios.com\/futbol\/wp-json\/wp\/v2\/categories?post=427165"},{"taxonomy":"post_tag","embeddable":true,"href":"http:\/\/desarrollo.grupomedios.com\/futbol\/wp-json\/wp\/v2\/tags?post=427165"}],"curies":[{"name":"wp","href":"https:\/\/api.w.org\/{rel}","templated":true}]}}