{"id":427183,"date":"2016-09-08T11:48:48","date_gmt":"2016-09-08T16:48:48","guid":{"rendered":"https:\/\/www.futboltotal.com.mx\/?p=427183"},"modified":"2016-09-08T11:51:21","modified_gmt":"2016-09-08T16:51:21","slug":"onefa-quiere-dar-ultimo-adios-al-azul","status":"publish","type":"post","link":"http:\/\/desarrollo.grupomedios.com\/futbol\/futbol-mexicano\/onefa-quiere-dar-ultimo-adios-al-azul\/2016\/09","title":{"rendered":"ONEFA quiere dar \u00faltimo adi\u00f3s al Azul"},"content":{"rendered":"<p>Luego de que se diera a conocer que el <strong>estadio Azul<\/strong> ser\u00e1 demolido en 2018, la <strong>Organizaci\u00f3n Nacional Estudiantil de Futbol Americano (ONEFA)<\/strong>, levant\u00f3 la mano para organizar un encuentro de despedida para el inmueble que originalmente naci\u00f3, para albergar juegos de futbol americano.<\/p>\n<p>\u201cEl <strong>estadio Azul<\/strong>, entiendo que va a ser demolido en el 2018, por lo tanto el \u00faltimo a\u00f1o que tendr\u00e1 apertura para Liga MX, ser\u00e1 en 2017. Nosotros como <strong>ONEFA<\/strong> trataremos de gestionar para que el inmueble se pueda abrir para un juego de despedida en 2017 con un Taz\u00f3n Azteca. Tal vez exista un previo entre Colegio Militar y Universidad en la categor\u00eda que el Colegio Militar tiene, Juvenil o Intermedia\u201d, revel\u00f3 Ra\u00fal Rivera, titular del organismo.<\/p>\n<p>El 6 de octubre de 1946, el <strong>estadio Azul<\/strong> fue inaugurado con un duelo entre los Pumas de la UNAM y los Aguiluchos del Colegio Militar. En aquel tiempo, el recinto recib\u00eda el nombre de Estadio Ol\u00edmpico de la Ciudad de los Deportes.<\/p>\n<p style=\"text-align: center;\"><span style=\"color: #3366ff;\"><a style=\"color: #3366ff;\" href=\"https:\/\/www.futboltotal.com.mx\/2016\/09\/animadores-xolos-se-divierten-carpool\/\" target=\"_blank\"><strong>LEER M\u00c1S: Divertido Carpool de animadores de futbol<\/strong><\/a><\/span><\/p>\n<p>El <strong>estadio Azul<\/strong> fue sede de los partidos de futbol americano, desde su nacimiento hasta finales de 1950, luego se retom\u00f3 la tradici\u00f3n, de 1968 a 1990. En 1978, se jug\u00f3 el primer juego de la NFL fuera de Estados Unidos en esta tradicional sede, fue un encuentro entre el Santos de Nueva Orleands y las \u00c1guilas de Filadelfia.<\/p>\n<p>El inmueble de la Colonia Noche Buena, fue la casa de cuatro clubes de la Liga MX, y hasta de la Selecci\u00f3n Mexicana. Am\u00e9rica lo ocup\u00f3, de 1947 a 1955; Necaxa, de 1950 a 1955; Atlante lo ocup\u00f3 en cuatro etapas, y en ellas se denomin\u00f3 estadio Azulgrana, y Cruz Azul se mud\u00f3 al inmueble, desde 1996, por lo que lleva 20 a\u00f1os recibiendo en la cancha donde nunca pudo ser campe\u00f3n.<\/p>\n","protected":false},"excerpt":{"rendered":"<p>El primer duelo en el inmueble, fue de americano, y el \u00faltimo tambi\u00e9n lo ser\u00eda<\/p>\n","protected":false},"author":20,"featured_media":427189,"comment_status":"closed","ping_status":"closed","sticky":false,"template":"","format":"standard","meta":[],"categories":[5419,2198,5811,5418,6411,5950],"tags":[5460,5771,5461],"_links":{"self":[{"href":"http:\/\/desarrollo.grupomedios.com\/futbol\/wp-json\/wp\/v2\/posts\/427183"}],"collection":[{"href":"http:\/\/desarrollo.grupomedios.com\/futbol\/wp-json\/wp\/v2\/posts"}],"about":[{"href":"http:\/\/desarrollo.grupomedios.com\/futbol\/wp-json\/wp\/v2\/types\/post"}],"author":[{"embeddable":true,"href":"http:\/\/desarrollo.grupomedios.com\/futbol\/wp-json\/wp\/v2\/users\/20"}],"replies":[{"embeddable":true,"href":"http:\/\/desarrollo.grupomedios.com\/futbol\/wp-json\/wp\/v2\/comments?post=427183"}],"version-history":[{"count":0,"href":"http:\/\/desarrollo.grupomedios.com\/futbol\/wp-json\/wp\/v2\/posts\/427183\/revisions"}],"wp:featuredmedia":[{"embeddable":true,"href":"http:\/\/desarrollo.grupomedios.com\/futbol\/wp-json\/wp\/v2\/media\/427189"}],"wp:attachment":[{"href":"http:\/\/desarrollo.grupomedios.com\/futbol\/wp-json\/wp\/v2\/media?parent=427183"}],"wp:term":[{"taxonomy":"category","embeddable":true,"href":"http:\/\/desarrollo.grupomedios.com\/futbol\/wp-json\/wp\/v2\/categories?post=427183"},{"taxonomy":"post_tag","embeddable":true,"href":"http:\/\/desarrollo.grupomedios.com\/futbol\/wp-json\/wp\/v2\/tags?post=427183"}],"curies":[{"name":"wp","href":"https:\/\/api.w.org\/{rel}","templated":true}]}}