{"id":427187,"date":"2016-09-08T12:14:16","date_gmt":"2016-09-08T17:14:16","guid":{"rendered":"https:\/\/www.futboltotal.com.mx\/?p=427187"},"modified":"2016-09-08T12:14:16","modified_gmt":"2016-09-08T17:14:16","slug":"guardiola-mourinho-viejos-conocidos","status":"publish","type":"post","link":"http:\/\/desarrollo.grupomedios.com\/futbol\/futbol-internacional\/guardiola-mourinho-viejos-conocidos\/2016\/09","title":{"rendered":"Guardiola y Mourinho, viejos conocidos&#8230;"},"content":{"rendered":"<p>Era 1 de julio de 1996 y <strong>Jos\u00e9 Mourinho<\/strong> aparec\u00eda en la Ciudad Deportiva Joan Gamper del Barcelona, su nuevo club; hab\u00eda llegado como traductor del t\u00e9cnico ingl\u00e9s, Bobby Robson. Junto al portugu\u00e9s, caminaban al entrenamiento Carles Busquets (padre de Sergio, el actual mediocampista), Luis Enrique y <strong>Josep Guardiola<\/strong>, personajes con los que celebr\u00f3 siete t\u00edtulos. Pronto, <em>Mou<\/em> se convirti\u00f3 en segundo entrenador de Louis van Gaal gracias a sus aptitudes para la t\u00e1ctica.<\/p>\n<blockquote>\n<h3 style=\"text-align: center;\">&#8220;Hoy, ma\u00f1ana y siempre con el Barcelona en el coraz\u00f3n&#8221;, declar\u00f3 tras ganar la Copa del Rey del 97.<\/h3>\n<\/blockquote>\n<p>Tiempo despu\u00e9s todo cambio: <strong>Mourinho<\/strong>, ya como entrenador, se convirti\u00f3 en ac\u00e9rrimo rival del Barcelona y de <strong>Guardiola<\/strong>, con quien ahora se enfrentar\u00e1 en el Derby de Manchester en la <strong>Premier League<\/strong>.<\/p>\n<p style=\"text-align: center;\"><strong><span style=\"color: #3366ff;\">LEER M\u00c1S:\u00a0<a style=\"color: #3366ff;\" href=\"https:\/\/www.futboltotal.com.mx\/2016\/09\/jose-mourinho-vs-josep-guardiola-origen-la-rivalidad\/\">Mou vs Pep | El origen de la rivalidad<\/a><\/span><\/strong><\/p>\n<p style=\"text-align: center;\"><img decoding=\"async\" loading=\"lazy\" class=\"alignnone size-full wp-image-403950\" src=\"https:\/\/www.futboltotal.com.mx\/wp-content\/uploads\/2016\/06\/Mou-Pep-Premier-League.jpg\" alt=\"Mou-Pep-Premier-League\" srcset=\"http:\/\/desarrollo.grupomedios.com\/futbol\/wp-content\/uploads\/2016\/06\/Mou-Pep-Premier-League.jpg 858w, http:\/\/desarrollo.grupomedios.com\/futbol\/wp-content\/uploads\/2016\/06\/Mou-Pep-Premier-League-300x151.jpg 300w, http:\/\/desarrollo.grupomedios.com\/futbol\/wp-content\/uploads\/2016\/06\/Mou-Pep-Premier-League-768x386.jpg 768w, http:\/\/desarrollo.grupomedios.com\/futbol\/wp-content\/uploads\/2016\/06\/Mou-Pep-Premier-League-340x171.jpg 340w\" sizes=\"(max-width: 858px) 100vw, 858px\" \/><\/p>\n<p style=\"text-align: left;\">Despu\u00e9s de 20 a\u00f1os de conocerse en Espa\u00f1a, ahora <strong>Guardiola<\/strong> y <strong>Mourinho<\/strong> vivir\u00e1n uno de los duelos m\u00e1s esperados en la Premier League, pues revivir\u00e1n aquellos grandes duelos que ten\u00edan en los cl\u00e1sicos con el Barcelona y el Real Madrid, respectivamente.<\/p>\n","protected":false},"excerpt":{"rendered":"<p>Ambos t\u00e9cnicos se enfrentar\u00e1n por primera vez en la Premier League<\/p>\n","protected":false},"author":129,"featured_media":427209,"comment_status":"closed","ping_status":"closed","sticky":false,"template":"","format":"standard","meta":[],"categories":[3839,3846,5951],"tags":[2510,5993,43,1484],"_links":{"self":[{"href":"http:\/\/desarrollo.grupomedios.com\/futbol\/wp-json\/wp\/v2\/posts\/427187"}],"collection":[{"href":"http:\/\/desarrollo.grupomedios.com\/futbol\/wp-json\/wp\/v2\/posts"}],"about":[{"href":"http:\/\/desarrollo.grupomedios.com\/futbol\/wp-json\/wp\/v2\/types\/post"}],"author":[{"embeddable":true,"href":"http:\/\/desarrollo.grupomedios.com\/futbol\/wp-json\/wp\/v2\/users\/129"}],"replies":[{"embeddable":true,"href":"http:\/\/desarrollo.grupomedios.com\/futbol\/wp-json\/wp\/v2\/comments?post=427187"}],"version-history":[{"count":0,"href":"http:\/\/desarrollo.grupomedios.com\/futbol\/wp-json\/wp\/v2\/posts\/427187\/revisions"}],"wp:featuredmedia":[{"embeddable":true,"href":"http:\/\/desarrollo.grupomedios.com\/futbol\/wp-json\/wp\/v2\/media\/427209"}],"wp:attachment":[{"href":"http:\/\/desarrollo.grupomedios.com\/futbol\/wp-json\/wp\/v2\/media?parent=427187"}],"wp:term":[{"taxonomy":"category","embeddable":true,"href":"http:\/\/desarrollo.grupomedios.com\/futbol\/wp-json\/wp\/v2\/categories?post=427187"},{"taxonomy":"post_tag","embeddable":true,"href":"http:\/\/desarrollo.grupomedios.com\/futbol\/wp-json\/wp\/v2\/tags?post=427187"}],"curies":[{"name":"wp","href":"https:\/\/api.w.org\/{rel}","templated":true}]}}