{"id":427245,"date":"2016-09-08T14:02:17","date_gmt":"2016-09-08T19:02:17","guid":{"rendered":"https:\/\/www.futboltotal.com.mx\/?p=427245"},"modified":"2016-09-08T14:02:17","modified_gmt":"2016-09-08T19:02:17","slug":"luis-enrique-no-cuenta-aleix-vidal-barcelona","status":"publish","type":"post","link":"http:\/\/desarrollo.grupomedios.com\/futbol\/futbol-internacional\/luis-enrique-no-cuenta-aleix-vidal-barcelona\/2016\/09","title":{"rendered":"Luis Enrique tiene a su primer cepillado del Barcelona"},"content":{"rendered":"<p>Luego de la salida de Dani Alv\u00e9s a la Juventus parec\u00eda que el natural sustituto \u00a0era <strong>Aleix Vidal<\/strong>, que adem\u00e1s disput\u00f3 los encuentro de pretemporada en el sitio que ocupaba el brasile\u00f1o.<\/p>\n<p class=\"selectionShareable\">Pero apenas pasaron los primeros partidos del club y el espa\u00f1ol no convenci\u00f3 al t\u00e9cnico <strong>Luis Enrique<\/strong>, por lo que no le encontr\u00f3 cabida en el renovado <strong>Barcelona<\/strong> y le aviso de sus opciones al jugador.<\/p>\n<p class=\"selectionShareable\" style=\"text-align: center;\"><strong><span style=\"color: #3366ff;\">LEER M\u00c1S:<a style=\"color: #3366ff;\" href=\"https:\/\/www.futboltotal.com.mx\/2016\/09\/guardiola-mourinho-viejos-conocidos\/\"> Guardiola y Mourinho, viejos conocidos\u2026<\/a><\/span><\/strong><\/p>\n<blockquote class=\"twitter-tweet\" data-lang=\"es\">\n<p dir=\"ltr\" lang=\"es\"> +  <a href=\"https:\/\/twitter.com\/neymarjr\">@neymarjr<\/a> ha sido la gran novedad del entrenamiento de esta ma\u00f1ana <a href=\"https:\/\/t.co\/LuWn19aHmT\">https:\/\/t.co\/LuWn19aHmT<\/a> <a href=\"https:\/\/twitter.com\/hashtag\/FCBLive?src=hash\">#FCBLive<\/a> <a href=\"https:\/\/t.co\/EFvrPo1boK\">pic.twitter.com\/EFvrPo1boK<\/a><\/p>\n<p>\u2014 FC Barcelona (@FCBarcelona_es) <a href=\"https:\/\/twitter.com\/FCBarcelona_es\/status\/773862223991173121\">8 de septiembre de 2016<\/a><\/p><\/blockquote>\n<p><script async src=\"\/\/platform.twitter.com\/widgets.js\" charset=\"utf-8\"><\/script><\/p>\n<p class=\"selectionShareable\">Durante el verano los <em>cul\u00e9s<\/em> buscaron colocar a <strong>Vidal<\/strong> en otro club, pero ninguno se interes\u00f3 en \u00e9l y mucho menos en las cifras que el <strong>Barcelona<\/strong> pag\u00f3 un a\u00f1o antes al Sevilla: 18 millones de euros.<\/p>\n<p class=\"selectionShareable\">Para <strong>Luis Enrique<\/strong>, <strong>Aleix Vidal<\/strong> no cuenta todav\u00eda con la calidad suficiente para ocupar el puesto que dej\u00f3 Dani Alves, por lo que opt\u00f3 por utilizar al siempre &#8216;polifuncional&#8217; Sergi Roberto, quien se ha desempe\u00f1ado de mejor forma y se ha hecho de la titularidad.<\/p>\n<p class=\"selectionShareable\">Ante ello, el t\u00e9cnico del <strong>Barcelona<\/strong> ya ha solicitado una soluci\u00f3n al club para encontrar a un reemplazo para Sergi, ya sea en la lateral o en el mediocampo, seg\u00fan informan medios espa\u00f1oles.<\/p>\n<p class=\"selectionShareable\" style=\"text-align: center;\"><strong><span style=\"color: #3366ff;\">LEER M\u00c1S:\u00a0<a style=\"color: #3366ff;\" href=\"https:\/\/www.futboltotal.com.mx\/2016\/09\/alcacer-ilusionado-jugar-suarez-messi-neymar\/\">Alc\u00e1cer, ilusionado por jugar con Su\u00e1rez, Messi y Neymar<\/a><\/span><\/strong><\/p>\n","protected":false},"excerpt":{"rendered":"<p>Tras la salida de Dani Alves, Aleix Vidal no se pudo quedar con el puesto<\/p>\n","protected":false},"author":20,"featured_media":427275,"comment_status":"closed","ping_status":"closed","sticky":false,"template":"","format":"standard","meta":[],"categories":[3839,3844,5951],"tags":[5984,4051],"_links":{"self":[{"href":"http:\/\/desarrollo.grupomedios.com\/futbol\/wp-json\/wp\/v2\/posts\/427245"}],"collection":[{"href":"http:\/\/desarrollo.grupomedios.com\/futbol\/wp-json\/wp\/v2\/posts"}],"about":[{"href":"http:\/\/desarrollo.grupomedios.com\/futbol\/wp-json\/wp\/v2\/types\/post"}],"author":[{"embeddable":true,"href":"http:\/\/desarrollo.grupomedios.com\/futbol\/wp-json\/wp\/v2\/users\/20"}],"replies":[{"embeddable":true,"href":"http:\/\/desarrollo.grupomedios.com\/futbol\/wp-json\/wp\/v2\/comments?post=427245"}],"version-history":[{"count":0,"href":"http:\/\/desarrollo.grupomedios.com\/futbol\/wp-json\/wp\/v2\/posts\/427245\/revisions"}],"wp:featuredmedia":[{"embeddable":true,"href":"http:\/\/desarrollo.grupomedios.com\/futbol\/wp-json\/wp\/v2\/media\/427275"}],"wp:attachment":[{"href":"http:\/\/desarrollo.grupomedios.com\/futbol\/wp-json\/wp\/v2\/media?parent=427245"}],"wp:term":[{"taxonomy":"category","embeddable":true,"href":"http:\/\/desarrollo.grupomedios.com\/futbol\/wp-json\/wp\/v2\/categories?post=427245"},{"taxonomy":"post_tag","embeddable":true,"href":"http:\/\/desarrollo.grupomedios.com\/futbol\/wp-json\/wp\/v2\/tags?post=427245"}],"curies":[{"name":"wp","href":"https:\/\/api.w.org\/{rel}","templated":true}]}}