{"id":427351,"date":"2016-09-08T16:13:29","date_gmt":"2016-09-08T21:13:29","guid":{"rendered":"https:\/\/www.futboltotal.com.mx\/?p=427351"},"modified":"2016-09-08T16:13:29","modified_gmt":"2016-09-08T21:13:29","slug":"almeyda-niega-contacto-con-marcelo-bielsa","status":"publish","type":"post","link":"http:\/\/desarrollo.grupomedios.com\/futbol\/uncategorized\/almeyda-niega-contacto-con-marcelo-bielsa\/2016\/09","title":{"rendered":"Almeyda niega contacto con Marcelo Bielsa"},"content":{"rendered":"<p>El t\u00e9cnico de Chivas, <strong>Mat\u00edas Almeyda<\/strong>, descart\u00f3 que exista contacto con <strong>Marcelo Bielsa<\/strong>, despu\u00e9s que se diera a conocer que el <em>Pelado<\/em> ser\u00eda el vinculo para convencer al <em>Loco<\/em>\u00a0que tomara las riendas de la <a href=\"https:\/\/www.futboltotal.com.mx\/futbol-mexicano\/seleccion-mexicana\/\" target=\"_blank\"><strong>Selecci\u00f3n Mexicana<\/strong><\/a>.<\/p>\n<p>Por medio de la asesora de prensa, el entrenador neg\u00f3 que sea intermediario para que su compatriota releve a Juan Carlos Osorio en el banquillo del <em>Tri<\/em>, seg\u00fan public\u00f3 <em>R\u00e9cord<\/em>.<\/p>\n<blockquote class=\"twitter-tweet\" data-lang=\"es\">\n<p dir=\"ltr\" lang=\"es\">\u00bfQu\u00e9 es lo que m\u00e1s esperas del partido de este s\u00e1bado? \u00a1Nos vemos en casa, Rojiblanco! <a href=\"https:\/\/twitter.com\/hashtag\/UnidosSomosCA3RONES?src=hash\">#UnidosSomosCA3RONES<\/a> <a href=\"https:\/\/t.co\/7vJKJVic6c\">pic.twitter.com\/7vJKJVic6c<\/a><\/p>\n<p>\u2014 CHIVAS (@Chivas) <a href=\"https:\/\/twitter.com\/Chivas\/status\/773975454692683776\">8 de septiembre de 2016<\/a><\/p><\/blockquote>\n<p><script async src=\"\/\/platform.twitter.com\/widgets.js\" charset=\"utf-8\"><\/script><\/p>\n<p>La continuidad del colombiano en el combinado nacional se encuentra en una situaci\u00f3n cr\u00edtica, pues con el fracaso en Copa Am\u00e9rica, sumado al desempe\u00f1o contra El Salvador y Honduras; la paciencia se est\u00e1 acabando.<\/p>\n<p>Adem\u00e1s, la afici\u00f3n ya pide la salida de Osorio e incluso durante el partido contra los catrachos en el Estadio Azteca corearon el nombre de Miguel Herrera.<\/p>\n<p><span style=\"color: #ff0000;\"><strong>VIDEO<\/strong>: Agenda de TV de la jornada 8<\/span><\/p>\n<p>[video_player]https:\/\/player.vimeo.com\/external\/181659263.hd.mp4?s=07670a0aba27d0fb49d00c48ee29bc257ce6470b&amp;profile_id=174[\/video_player]<\/p>\n","protected":false},"excerpt":{"rendered":"<p>El Pelado desmiti\u00f3 el inter\u00e9s del Tri <\/p>\n","protected":false},"author":20,"featured_media":427369,"comment_status":"closed","ping_status":"closed","sticky":false,"template":"","format":"standard","meta":[],"categories":[2198,3845,5950,1],"tags":[1173,1420],"_links":{"self":[{"href":"http:\/\/desarrollo.grupomedios.com\/futbol\/wp-json\/wp\/v2\/posts\/427351"}],"collection":[{"href":"http:\/\/desarrollo.grupomedios.com\/futbol\/wp-json\/wp\/v2\/posts"}],"about":[{"href":"http:\/\/desarrollo.grupomedios.com\/futbol\/wp-json\/wp\/v2\/types\/post"}],"author":[{"embeddable":true,"href":"http:\/\/desarrollo.grupomedios.com\/futbol\/wp-json\/wp\/v2\/users\/20"}],"replies":[{"embeddable":true,"href":"http:\/\/desarrollo.grupomedios.com\/futbol\/wp-json\/wp\/v2\/comments?post=427351"}],"version-history":[{"count":0,"href":"http:\/\/desarrollo.grupomedios.com\/futbol\/wp-json\/wp\/v2\/posts\/427351\/revisions"}],"wp:featuredmedia":[{"embeddable":true,"href":"http:\/\/desarrollo.grupomedios.com\/futbol\/wp-json\/wp\/v2\/media\/427369"}],"wp:attachment":[{"href":"http:\/\/desarrollo.grupomedios.com\/futbol\/wp-json\/wp\/v2\/media?parent=427351"}],"wp:term":[{"taxonomy":"category","embeddable":true,"href":"http:\/\/desarrollo.grupomedios.com\/futbol\/wp-json\/wp\/v2\/categories?post=427351"},{"taxonomy":"post_tag","embeddable":true,"href":"http:\/\/desarrollo.grupomedios.com\/futbol\/wp-json\/wp\/v2\/tags?post=427351"}],"curies":[{"name":"wp","href":"https:\/\/api.w.org\/{rel}","templated":true}]}}