{"id":427359,"date":"2016-09-08T16:14:36","date_gmt":"2016-09-08T21:14:36","guid":{"rendered":"https:\/\/www.futboltotal.com.mx\/?p=427359"},"modified":"2016-09-08T16:14:36","modified_gmt":"2016-09-08T21:14:36","slug":"sacristan-destaca-a-vela-y-recuerda-a-reyes","status":"publish","type":"post","link":"http:\/\/desarrollo.grupomedios.com\/futbol\/futbol-internacional\/sacristan-destaca-a-vela-y-recuerda-a-reyes\/2016\/09","title":{"rendered":"Sacrist\u00e1n elogia a Vela y recuerda a Reyes"},"content":{"rendered":"<p>El entrenador de<strong> Real Sociedad,<\/strong> Eusebio Sacrist\u00e1n, se\u00f1al\u00f3 la calidad de los mexicanos <strong>Carlos Vela<\/strong> y <strong>Diego Reyes<\/strong>, quienes podr\u00edan enfrentarse durante la tercera jornada de la Liga de Espa\u00f1a en el encuentro ante Espanyol.<\/p>\n<p>Sobre <strong>Carlos Vela<\/strong>, que contin\u00faa por sexta temporada en la plantilla donostiarra, admiti\u00f3 que podr\u00eda ser titular en el encuentro a celebrarse este viernes gracias al buen desempe\u00f1o y la actitud positiva que mantiene con los compa\u00f1eros de equipo.<\/p>\n<p style=\"text-align: center;\"><span style=\"color: #3366ff;\"><a style=\"color: #3366ff;\" href=\"https:\/\/www.futboltotal.com.mx\/2016\/09\/benfica-anuncia-gravedad-de-la-lesion-de-raul-jimenez\/\"><strong>LEER M\u00c1S: Ra\u00fal Jim\u00e9nez baja por tiempo indefinido con Benfica<\/strong><\/a><\/span><\/p>\n<p>\u201cLe veo con condiciones para jugar desde el inicio. Tener a Carlos bien nos va a servir para ser mejores\u201d, mencion\u00f3 Sacrist\u00e1n. &#8220;Est\u00e1 trabajando muy bien y con determinaci\u00f3n de ayudar al equipo a conseguir sus objetivos&#8221;.<\/p>\n<p>Durante la campa\u00f1a anterior, el defensa <strong>Diego Reyes<\/strong> fue miembro importante de Real Sociedad como pr\u00e9stamo. Ahora en las filas de Espanyol, el timonel de los de la Anoeta subray\u00f3 que les dio mucho la temporada pasada: \u201cEstoy contento de su compromiso y le deseamos lo mejor, se merece que le vayan bien las cosas&#8221;.<\/p>\n<p>El entre la Real Sociedad y el Espanyol dar\u00e1 comienzo a las 13:45 horas, tiempo del centro de M\u00e9xico.\u00a0En esta tercera fecha, Real Sociedad se encuentra en la novena plaza de la tabla de clasificaci\u00f3n con solo tres puntos, producto de una victoria y una derrota. A su vez, Espanyol contin\u00faa en la b\u00fasqueda de su primer triunfo; con un duelo perdido y un empate lo mantiene en el sitio 14.<\/p>\n","protected":false},"excerpt":{"rendered":"<p>As\u00ed habl\u00f3 el DT de la Real Sociedad sobre el par de mexicanos <\/p>\n","protected":false},"author":20,"featured_media":427371,"comment_status":"closed","ping_status":"closed","sticky":false,"template":"","format":"standard","meta":[],"categories":[3839,3844,6718,5951],"tags":[6048,6006,4545],"_links":{"self":[{"href":"http:\/\/desarrollo.grupomedios.com\/futbol\/wp-json\/wp\/v2\/posts\/427359"}],"collection":[{"href":"http:\/\/desarrollo.grupomedios.com\/futbol\/wp-json\/wp\/v2\/posts"}],"about":[{"href":"http:\/\/desarrollo.grupomedios.com\/futbol\/wp-json\/wp\/v2\/types\/post"}],"author":[{"embeddable":true,"href":"http:\/\/desarrollo.grupomedios.com\/futbol\/wp-json\/wp\/v2\/users\/20"}],"replies":[{"embeddable":true,"href":"http:\/\/desarrollo.grupomedios.com\/futbol\/wp-json\/wp\/v2\/comments?post=427359"}],"version-history":[{"count":0,"href":"http:\/\/desarrollo.grupomedios.com\/futbol\/wp-json\/wp\/v2\/posts\/427359\/revisions"}],"wp:featuredmedia":[{"embeddable":true,"href":"http:\/\/desarrollo.grupomedios.com\/futbol\/wp-json\/wp\/v2\/media\/427371"}],"wp:attachment":[{"href":"http:\/\/desarrollo.grupomedios.com\/futbol\/wp-json\/wp\/v2\/media?parent=427359"}],"wp:term":[{"taxonomy":"category","embeddable":true,"href":"http:\/\/desarrollo.grupomedios.com\/futbol\/wp-json\/wp\/v2\/categories?post=427359"},{"taxonomy":"post_tag","embeddable":true,"href":"http:\/\/desarrollo.grupomedios.com\/futbol\/wp-json\/wp\/v2\/tags?post=427359"}],"curies":[{"name":"wp","href":"https:\/\/api.w.org\/{rel}","templated":true}]}}