{"id":427401,"date":"2016-09-08T16:44:03","date_gmt":"2016-09-08T21:44:03","guid":{"rendered":"https:\/\/www.futboltotal.com.mx\/?p=427401"},"modified":"2016-09-08T16:44:03","modified_gmt":"2016-09-08T21:44:03","slug":"anastasiya-kvitko-la-diosa-rusa","status":"publish","type":"post","link":"http:\/\/desarrollo.grupomedios.com\/futbol\/galerias\/anastasiya-kvitko-la-diosa-rusa\/2016\/09","title":{"rendered":"Anastasiya Kvitko, la diosa rusa"},"content":{"rendered":"<p>La belleza rusa es reconocida, admirada y envidiada en todo el planeta; con el Mundial de 2018 en \u00e9sas tierras se abre el debate de qui\u00e9n ser\u00e1 la \u201cnovia\u201d del torneo, aunque los votos suelen inclinarse a favor de la modelo <strong>Anastasiya Kvitko<\/strong>, quien ratific\u00f3 su estado de favorita con un video que \u201cincendi\u00f3\u201d las redes sociales.<\/p>\n<div id=\"galleryNDX\" style=\"display:none;\"><img alt=\"\" src=\"http:\/\/desarrollo.grupomedios.com\/futbol\/wp-content\/uploads\/2016\/09\/anastasiya-kivtko-galeria-1.jpg\" data-image=\"http:\/\/desarrollo.grupomedios.com\/futbol\/wp-content\/uploads\/2016\/09\/anastasiya-kivtko-galeria-1.jpg\" data-description=\"anastasiya-kivtko-galeria-1\"><img alt=\"\" src=\"http:\/\/desarrollo.grupomedios.com\/futbol\/wp-content\/uploads\/2016\/09\/anastasiya-kivtko-galeria-2.jpg\" data-image=\"http:\/\/desarrollo.grupomedios.com\/futbol\/wp-content\/uploads\/2016\/09\/anastasiya-kivtko-galeria-2.jpg\" data-description=\"anastasiya-kivtko-galeria-2\"><img alt=\"\" src=\"http:\/\/desarrollo.grupomedios.com\/futbol\/wp-content\/uploads\/2016\/09\/anastasiya-kivtko-galeria-3.jpg\" data-image=\"http:\/\/desarrollo.grupomedios.com\/futbol\/wp-content\/uploads\/2016\/09\/anastasiya-kivtko-galeria-3.jpg\" data-description=\"anastasiya-kivtko-galeria-3\"><img alt=\"\" src=\"http:\/\/desarrollo.grupomedios.com\/futbol\/wp-content\/uploads\/2016\/09\/anastasiya-kivtko-galeria-4.jpg\" data-image=\"http:\/\/desarrollo.grupomedios.com\/futbol\/wp-content\/uploads\/2016\/09\/anastasiya-kivtko-galeria-4.jpg\" data-description=\"anastasiya-kivtko-galeria-4\"><img alt=\"\" src=\"http:\/\/desarrollo.grupomedios.com\/futbol\/wp-content\/uploads\/2016\/09\/anastasiya-kivtko-galeria-5.jpg\" data-image=\"http:\/\/desarrollo.grupomedios.com\/futbol\/wp-content\/uploads\/2016\/09\/anastasiya-kivtko-galeria-5.jpg\" data-description=\"anastasiya-kivtko-galeria-5\"><img alt=\"\" src=\"http:\/\/desarrollo.grupomedios.com\/futbol\/wp-content\/uploads\/2016\/09\/anastasiya-kivtko-galeria-6.jpg\" data-image=\"http:\/\/desarrollo.grupomedios.com\/futbol\/wp-content\/uploads\/2016\/09\/anastasiya-kivtko-galeria-6.jpg\" data-description=\"anastasiya-kivtko-galeria-6\"><img alt=\"\" src=\"http:\/\/desarrollo.grupomedios.com\/futbol\/wp-content\/uploads\/2016\/09\/anastasiya-kivtko-galeria-7.jpg\" data-image=\"http:\/\/desarrollo.grupomedios.com\/futbol\/wp-content\/uploads\/2016\/09\/anastasiya-kivtko-galeria-7.jpg\" data-description=\"anastasiya-kivtko-galeria-7\"><img alt=\"\" src=\"http:\/\/desarrollo.grupomedios.com\/futbol\/wp-content\/uploads\/2016\/09\/anastasiya-kivtko-galeria-8.jpg\" data-image=\"http:\/\/desarrollo.grupomedios.com\/futbol\/wp-content\/uploads\/2016\/09\/anastasiya-kivtko-galeria-8.jpg\" data-description=\"anastasiya-kivtko-galeria-8\"><img alt=\"\" src=\"http:\/\/desarrollo.grupomedios.com\/futbol\/wp-content\/uploads\/2016\/09\/anastasiya-kivtko-galeria-9.jpg\" data-image=\"http:\/\/desarrollo.grupomedios.com\/futbol\/wp-content\/uploads\/2016\/09\/anastasiya-kivtko-galeria-9.jpg\" data-description=\"anastasiya-kivtko-galeria-9\"><img alt=\"\" src=\"http:\/\/desarrollo.grupomedios.com\/futbol\/wp-content\/uploads\/2016\/09\/anastasiya-kivtko-galeria-10.jpg\" data-image=\"http:\/\/desarrollo.grupomedios.com\/futbol\/wp-content\/uploads\/2016\/09\/anastasiya-kivtko-galeria-10.jpg\" data-description=\"anastasiya-kivtko-galeria-10\"><img alt=\"\" src=\"http:\/\/desarrollo.grupomedios.com\/futbol\/wp-content\/uploads\/2016\/09\/anastasiya-kivtko-galeria-11.jpg\" data-image=\"http:\/\/desarrollo.grupomedios.com\/futbol\/wp-content\/uploads\/2016\/09\/anastasiya-kivtko-galeria-11.jpg\" data-description=\"anastasiya-kivtko-galeria-11\"><\/div>\n        <script>\n        \/\/galeria 1\n        jQuery(document).ready(function(){ \n            var api;\n            api = jQuery(\"#galleryNDX\").unitegallery({\n                carousel_autoplay: false\n            }); \n        });\n        <\/script>\n        \n<blockquote class=\"instagram-media\" style=\"background: #FFF; border: 0; border-radius: 3px; box-shadow: 0 0 1px 0 rgba(0,0,0,0.5),0 1px 10px 0 rgba(0,0,0,0.15); margin: 1px; max-width: 658px; padding: 0; width: calc(100% - 2px);\" data-instgrm-captioned=\"\" data-instgrm-version=\"7\">\n<div style=\"padding: 8px;\">\n<div style=\"background: #F8F8F8; line-height: 0; margin-top: 40px; padding: 28.1018518519% 0; text-align: center; width: 100%;\"><\/div>\n<p style=\"margin: 8px 0 0 0; padding: 0 4px;\"><a style=\"color: #000; font-family: Arial,sans-serif; font-size: 14px; font-style: normal; font-weight: normal; line-height: 17px; text-decoration: none; word-wrap: break-word;\" href=\"https:\/\/www.instagram.com\/p\/BJt3-LGBVPK\/\" target=\"_blank\">amazing photoshoot with @martin_depict <\/a><\/p>\n<p style=\"color: #c9c8cd; font-family: Arial,sans-serif; font-size: 14px; line-height: 17px; margin-bottom: 0; margin-top: 8px; overflow: hidden; padding: 8px 0 7px; text-align: center; text-overflow: ellipsis; white-space: nowrap;\">A video posted by Anastasia Kvitko (@anastasiya_kvitko) on <time style=\"font-family: Arial,sans-serif; font-size: 14px; line-height: 17px;\" datetime=\"2016-08-30T02:53:42+00:00\">Aug 29, 2016 at 7:53pm PDT<\/time><\/p>\n<\/div>\n<\/blockquote>\n<p><script async defer src=\"\/\/platform.instagram.com\/en_US\/embeds.js\"><\/script><\/p>\n","protected":false},"excerpt":{"rendered":"<p>La modelo incendi\u00f3 las redes sociales <\/p>\n","protected":false},"author":20,"featured_media":427453,"comment_status":"closed","ping_status":"closed","sticky":false,"template":"","format":"standard","meta":[],"categories":[6408,5422,3],"tags":[4166,2033],"_links":{"self":[{"href":"http:\/\/desarrollo.grupomedios.com\/futbol\/wp-json\/wp\/v2\/posts\/427401"}],"collection":[{"href":"http:\/\/desarrollo.grupomedios.com\/futbol\/wp-json\/wp\/v2\/posts"}],"about":[{"href":"http:\/\/desarrollo.grupomedios.com\/futbol\/wp-json\/wp\/v2\/types\/post"}],"author":[{"embeddable":true,"href":"http:\/\/desarrollo.grupomedios.com\/futbol\/wp-json\/wp\/v2\/users\/20"}],"replies":[{"embeddable":true,"href":"http:\/\/desarrollo.grupomedios.com\/futbol\/wp-json\/wp\/v2\/comments?post=427401"}],"version-history":[{"count":0,"href":"http:\/\/desarrollo.grupomedios.com\/futbol\/wp-json\/wp\/v2\/posts\/427401\/revisions"}],"wp:featuredmedia":[{"embeddable":true,"href":"http:\/\/desarrollo.grupomedios.com\/futbol\/wp-json\/wp\/v2\/media\/427453"}],"wp:attachment":[{"href":"http:\/\/desarrollo.grupomedios.com\/futbol\/wp-json\/wp\/v2\/media?parent=427401"}],"wp:term":[{"taxonomy":"category","embeddable":true,"href":"http:\/\/desarrollo.grupomedios.com\/futbol\/wp-json\/wp\/v2\/categories?post=427401"},{"taxonomy":"post_tag","embeddable":true,"href":"http:\/\/desarrollo.grupomedios.com\/futbol\/wp-json\/wp\/v2\/tags?post=427401"}],"curies":[{"name":"wp","href":"https:\/\/api.w.org\/{rel}","templated":true}]}}