{"id":427425,"date":"2016-09-08T17:05:35","date_gmt":"2016-09-08T22:05:35","guid":{"rendered":"https:\/\/www.futboltotal.com.mx\/?p=427425"},"modified":"2016-09-08T17:12:58","modified_gmt":"2016-09-08T22:12:58","slug":"miguel-piojo-herrera-le-responde-a-matias-almeyda","status":"publish","type":"post","link":"http:\/\/desarrollo.grupomedios.com\/futbol\/destacado-home\/miguel-piojo-herrera-le-responde-a-matias-almeyda\/2016\/09","title":{"rendered":"Miguel Herrera respondi\u00f3 a las cr\u00edticas de Almeyda"},"content":{"rendered":"<p>Despu\u00e9s de que <strong>Miguel Herrera<\/strong> <a href=\"https:\/\/www.futboltotal.com.mx\/2016\/09\/miguel-herrera-opcion-volver-al-tri\/\" target=\"_blank\">se postulara para dirigir a la Selecci\u00f3n Mexicana<\/a>, el t\u00e9cnico de Xolos desat\u00f3 varias controversias y declaraciones, como en el caso de <strong>Mat\u00edas Almeyda<\/strong>, a quien se le hizo una falta de respeto &#8220;hablar de un entrenador que a\u00fan se encuentra activo&#8221;.<\/p>\n<blockquote><p>&#8220;Si <strong>Mat\u00edas<\/strong> opin\u00f3, que se entere bien de todo lo que se habl\u00f3, que le hagan llegar a sus o\u00eddos y no lo que los medios ponen o lo que les gusta sacar m\u00e1s de sensacionalismo&#8221;, declar\u00f3.<\/p><\/blockquote>\n<p><em>El Piojo<\/em> asegur\u00f3 que no lo hizo con ninguna intenci\u00f3n de faltarle al respeto a Juan Carlos Osorio y que solamente respondi\u00f3 la pregunta que le hicieron, afirmando que el\u00a0<em>Tricolor\u00a0<\/em>siempre estar\u00e1 disponible para cualquier entrenador que est\u00e9 en su mejor momento.<\/p>\n<p style=\"text-align: center;\"><strong><span style=\"color: #3366ff;\">LEER M\u00c1S:\u00a0<a style=\"color: #3366ff;\" href=\"https:\/\/www.futboltotal.com.mx\/2016\/09\/hijo-del-loco-abreu-suena-jugar-tri\/\">Hijo del Loco Abre\u00fa sue\u00f1a jugar con el Tri<\/a><\/span><\/strong><\/p>\n<blockquote><p>&#8220;A m\u00ed me preguntaron y yo conteste que siempre estar\u00e9 listo para la Selecci\u00f3n, est\u00e9 quien est\u00e9 en el puesto de la Selecci\u00f3n, si a m\u00ed me llegan a hablar yo estoy listo, para \u00a0m\u00ed la Selecci\u00f3n es para el \u00fanico lugar que estoy siempre listo&#8221;, se\u00f1al\u00f3 <strong>Herrera<\/strong>.<\/p><\/blockquote>\n<p>&nbsp;<\/p>\n<blockquote class=\"twitter-tweet\" data-lang=\"es\">\n<p dir=\"ltr\" lang=\"es\">&#8220;Estoy muy contento en Xolos&#8221;: <a href=\"https:\/\/twitter.com\/MiguelHerreraDT\">@MiguelHerreraDT<\/a> <a href=\"https:\/\/twitter.com\/hashtag\/FuerzaTijuas?src=hash\">#FuerzaTijuas<\/a> <a href=\"https:\/\/t.co\/7k9NoZO27h\">pic.twitter.com\/7k9NoZO27h<\/a><\/p>\n<p>\u2014 Xolos (@Xolos) <a href=\"https:\/\/twitter.com\/Xolos\/status\/773991540796461056\">8 de septiembre de 2016<\/a><\/p><\/blockquote>\n<p><script async src=\"\/\/platform.twitter.com\/widgets.js\" charset=\"utf-8\"><\/script><\/p>\n<p>Debido a los problemas y la pol\u00e9mica que causa con el tema de la <span style=\"color: #ff0000;\"><a style=\"color: #ff0000;\" href=\"https:\/\/www.futboltotal.com.mx\/futbol-mexicano\/seleccion-mexicana\/\">Selecci\u00f3n Mexicana<\/a><\/span>, el\u00a0<em>Piojo\u00a0<\/em>asegur\u00f3 que no volver\u00e1 a tocar ese tema ya que ciertos medios se encargan de utilizar las declaraciones a su conveniencia.<\/p>\n<blockquote><p>&#8220;Cada quien utiliza las declaraciones como las quiere utilizar, y es la \u00faltima vez que voy a hablar de la Selecci\u00f3n, de repente no me gusta hablar de la Selecci\u00f3n por de d\u00f3nde vengo, no es falta de respeto, primero que se informe y luego que opine, no voy a volver a hablar nunca m\u00e1s&#8221;, expres\u00f3.<\/p><\/blockquote>\n<p style=\"text-align: center;\"><span style=\"color: #3366ff;\"><strong>LEER M\u00c1S:\u00a0<a style=\"color: #3366ff;\" href=\"https:\/\/www.futboltotal.com.mx\/2016\/09\/marcelo-bielsa-en-plan-b-la-seleccion-mexicana\/\">Bielsa, \u00bfel plan B para el Tri?<\/a><\/strong><\/span><\/p>\n<p>Aunque dijo que estar\u00eda disponible para dirigir a M\u00e9xico, <strong>Herrera<\/strong> dijo que se siente c\u00f3modo en Xolos y que buscar\u00e1 seguir con el equipo hasta que cumpla su contrato.<\/p>\n<blockquote><p>&#8220;Estoy muy contento en <strong>Xolos<\/strong>, tengo un contrato, me interesa siempre tratar de cumplir mis contratos al 100 por ciento, cuando me he ido de un equipo es porque se acab\u00f3 mi contrato o porque me echaron del equipo, voy a tratar de que mi contrato con Xolos se cumpla hasta el \u00faltimo d\u00eda&#8221;,\u00a0finaliz\u00f3.<\/p><\/blockquote>\n<p><em>*Con informaci\u00f3n de Pressport<\/em><\/p>\n","protected":false},"excerpt":{"rendered":"<p>Herrera coment\u00f3 que sus declaraciones las usan para mal<\/p>\n","protected":false},"author":20,"featured_media":427501,"comment_status":"closed","ping_status":"closed","sticky":false,"template":"","format":"standard","meta":[],"categories":[5,2198,3845],"tags":[1420,255],"_links":{"self":[{"href":"http:\/\/desarrollo.grupomedios.com\/futbol\/wp-json\/wp\/v2\/posts\/427425"}],"collection":[{"href":"http:\/\/desarrollo.grupomedios.com\/futbol\/wp-json\/wp\/v2\/posts"}],"about":[{"href":"http:\/\/desarrollo.grupomedios.com\/futbol\/wp-json\/wp\/v2\/types\/post"}],"author":[{"embeddable":true,"href":"http:\/\/desarrollo.grupomedios.com\/futbol\/wp-json\/wp\/v2\/users\/20"}],"replies":[{"embeddable":true,"href":"http:\/\/desarrollo.grupomedios.com\/futbol\/wp-json\/wp\/v2\/comments?post=427425"}],"version-history":[{"count":0,"href":"http:\/\/desarrollo.grupomedios.com\/futbol\/wp-json\/wp\/v2\/posts\/427425\/revisions"}],"wp:featuredmedia":[{"embeddable":true,"href":"http:\/\/desarrollo.grupomedios.com\/futbol\/wp-json\/wp\/v2\/media\/427501"}],"wp:attachment":[{"href":"http:\/\/desarrollo.grupomedios.com\/futbol\/wp-json\/wp\/v2\/media?parent=427425"}],"wp:term":[{"taxonomy":"category","embeddable":true,"href":"http:\/\/desarrollo.grupomedios.com\/futbol\/wp-json\/wp\/v2\/categories?post=427425"},{"taxonomy":"post_tag","embeddable":true,"href":"http:\/\/desarrollo.grupomedios.com\/futbol\/wp-json\/wp\/v2\/tags?post=427425"}],"curies":[{"name":"wp","href":"https:\/\/api.w.org\/{rel}","templated":true}]}}