{"id":427535,"date":"2016-09-09T09:12:41","date_gmt":"2016-09-09T14:12:41","guid":{"rendered":"https:\/\/www.futboltotal.com.mx\/?p=427535"},"modified":"2016-09-09T09:12:41","modified_gmt":"2016-09-09T14:12:41","slug":"mexico-consigue-primer-oro-juegos-paralimpicos-rio-2016","status":"publish","type":"post","link":"http:\/\/desarrollo.grupomedios.com\/futbol\/destacado-home\/mexico-consigue-primer-oro-juegos-paralimpicos-rio-2016\/2016\/09","title":{"rendered":"M\u00e9xico consigue su primer oro en Paral\u00edmpicos de R\u00edo 2016"},"content":{"rendered":"<div class=\"body is-zoomable\">\n<p>La Delegaci\u00f3n Mexicana obtuvo su primera medalla en los <strong>Juegos Paral\u00edmpicos de R\u00edo 2016<\/strong> por parte de la mexicana Mar\u00eda de los \u00c1ngeles Ort\u00edz Hern\u00e1ndez ganar\u00e1 el oro en bala femenino.<\/p>\n<p>El resultado final de 10.94 en la categor\u00eda de F56\/57, la mexicana se consagr\u00f3 como la mejor luego de vencer a las argelinas Saifi Nassima y Medjmedj Nadia, quienes se quedaron con las medallas de plata y bronce, respectivamente.<\/p>\n<p style=\"text-align: center;\"><strong><span style=\"color: #3366ff;\">LEER M\u00c1S:\u00a0<a style=\"color: #3366ff;\" href=\"https:\/\/www.futboltotal.com.mx\/2016\/09\/barcelona-recurre-a-la-justicia-gabigol\/\"> Barcelona recurre a la justicia por Gabigol<\/a><\/span><\/strong><\/p>\n<blockquote class=\"twitter-tweet\" data-lang=\"es\">\n<p dir=\"ltr\" lang=\"es\"><a href=\"https:\/\/twitter.com\/hashtag\/RioXCONADE?src=hash\">#RioXCONADE<\/a> Recibe <a href=\"https:\/\/twitter.com\/angelesmundial\">@angelesmundial<\/a> el <a href=\"https:\/\/twitter.com\/hashtag\/oro?src=hash\">#oro<\/a> que consigui\u00f3 este jueves en lanzamiento de bala F56-57 <a href=\"https:\/\/twitter.com\/hashtag\/Rio2016?src=hash\">#Rio2016<\/a><a href=\"https:\/\/t.co\/mAbmEZF19t\">pic.twitter.com\/mAbmEZF19t<\/a><\/p>\n<p>\u2014 CONADE (@CONADE) <a href=\"https:\/\/twitter.com\/CONADE\/status\/774240269105410050\">9 de septiembre de 2016<\/a><\/p><\/blockquote>\n<p><script async src=\"\/\/platform.twitter.com\/widgets.js\" charset=\"utf-8\"><\/script><\/p>\n<p>Con esta medalla ganada, <strong>Ort\u00edz Hern\u00e1ndez<\/strong> se colg\u00f3 su tercera presea paral\u00edmpica, ya que en Beijing 2008 y Londres 2012, gan\u00f3 la plata y el oro.<\/p>\n<\/div>\n<p><strong>M\u00e9xico, con posibilidad de Medalla en atletismo<\/strong><\/p>\n<p>Por su parte, la medallista mexicana en los\u00a0<strong>Juegos Paral\u00edmpicos <\/strong>de\u00a0Londres 2012, <strong>Daniela Velasco<\/strong> logr\u00f3 su pase a la final, de 1,500m categor\u00eda T12-T13, al ubicarse en el segundo lugar de su heat con un tiempo de 4 minutos, 56 segundos y 74 cent\u00e9simas.<\/p>\n<p>La final se llevar\u00e1 a cabo el s\u00e1bado 10 de septiembre, a las 9:13 am, hora de <strong>M\u00e9xico<\/strong>, 11:13 hora de Brasil.<\/p>\n<p style=\"text-align: center;\"><strong><span style=\"color: #3366ff;\">LEER M\u00c1S:\u00a0<a style=\"color: #3366ff;\" href=\"https:\/\/www.futboltotal.com.mx\/2016\/09\/10-cosas-querias-saber-landon-donovan-2\/\"> 10 cosas que quer\u00edas saber sobre Landon Donovan<\/a><\/span><\/strong><\/p>\n","protected":false},"excerpt":{"rendered":"<p>La Delegaci\u00f3n Mexicana obtuvo su primera medalla en los Juegos Paral\u00edmpicos de R\u00edo 2016<\/p>\n","protected":false},"author":20,"featured_media":427537,"comment_status":"closed","ping_status":"closed","sticky":false,"template":"","format":"standard","meta":[],"categories":[5],"tags":[7411],"_links":{"self":[{"href":"http:\/\/desarrollo.grupomedios.com\/futbol\/wp-json\/wp\/v2\/posts\/427535"}],"collection":[{"href":"http:\/\/desarrollo.grupomedios.com\/futbol\/wp-json\/wp\/v2\/posts"}],"about":[{"href":"http:\/\/desarrollo.grupomedios.com\/futbol\/wp-json\/wp\/v2\/types\/post"}],"author":[{"embeddable":true,"href":"http:\/\/desarrollo.grupomedios.com\/futbol\/wp-json\/wp\/v2\/users\/20"}],"replies":[{"embeddable":true,"href":"http:\/\/desarrollo.grupomedios.com\/futbol\/wp-json\/wp\/v2\/comments?post=427535"}],"version-history":[{"count":0,"href":"http:\/\/desarrollo.grupomedios.com\/futbol\/wp-json\/wp\/v2\/posts\/427535\/revisions"}],"wp:featuredmedia":[{"embeddable":true,"href":"http:\/\/desarrollo.grupomedios.com\/futbol\/wp-json\/wp\/v2\/media\/427537"}],"wp:attachment":[{"href":"http:\/\/desarrollo.grupomedios.com\/futbol\/wp-json\/wp\/v2\/media?parent=427535"}],"wp:term":[{"taxonomy":"category","embeddable":true,"href":"http:\/\/desarrollo.grupomedios.com\/futbol\/wp-json\/wp\/v2\/categories?post=427535"},{"taxonomy":"post_tag","embeddable":true,"href":"http:\/\/desarrollo.grupomedios.com\/futbol\/wp-json\/wp\/v2\/tags?post=427535"}],"curies":[{"name":"wp","href":"https:\/\/api.w.org\/{rel}","templated":true}]}}