{"id":427573,"date":"2016-09-09T12:59:19","date_gmt":"2016-09-09T17:59:19","guid":{"rendered":"https:\/\/www.futboltotal.com.mx\/?p=427573"},"modified":"2016-09-09T12:59:19","modified_gmt":"2016-09-09T17:59:19","slug":"luis-enrique-en-contra-la-sancion-madrid-atletico","status":"publish","type":"post","link":"http:\/\/desarrollo.grupomedios.com\/futbol\/futbol-internacional\/luis-enrique-en-contra-la-sancion-madrid-atletico\/2016\/09","title":{"rendered":"Luis Enrique opina sobre la sanci\u00f3n al Madrid y Atl\u00e9tico"},"content":{"rendered":"<p>El entrenador del <strong>Barcelona<\/strong>, <strong>Luis Enrique Mart\u00ednez<\/strong>, ha calificado hoy de &#8220;injusta&#8221; la <span style=\"color: #ff0000;\"><a style=\"color: #ff0000;\" href=\"https:\/\/www.futboltotal.com.mx\/2016\/09\/real-madrid-y-atletico-no-podran-fichar\/\" target=\"_blank\">sanci\u00f3n de la FIFA<\/a><\/span> al <strong>Real Madrid<\/strong> y el <strong>Atl\u00e9tico de Madrid<\/strong>, a los que proh\u00edbe fichar en dos per\u00edodos del mercado por haber infringido la normativa sobre la contrataci\u00f3n de futbolistas menores de edad.<\/p>\n<p>&#8220;\u00bfQu\u00e9 dije de nuestra sanci\u00f3n?, ya no lo recuerdo&#8221;, ha preguntado <strong>Luis Enrique<\/strong> al jefe de prensa en la previa del <strong>Barcelona<\/strong>-Alav\u00e9s. &#8220;\u00bfQue era injusta? Pues sigo en la misma l\u00ednea&#8221;, ha apostillado.<\/p>\n<blockquote class=\"twitter-tweet\" data-lang=\"es\">\n<p dir=\"ltr\" lang=\"es\">Finaliza la rueda de prensa de Luis Enrique. En breves minutos, el m\u00e1s destacado en <a href=\"https:\/\/t.co\/FPQTtPi4iN\">https:\/\/t.co\/FPQTtPi4iN<\/a> <a href=\"https:\/\/t.co\/rrNkShc1nf\">pic.twitter.com\/rrNkShc1nf<\/a><\/p>\n<p>\u2014 FC Barcelona (@FCBarcelona_es) <a href=\"https:\/\/twitter.com\/FCBarcelona_es\/status\/774191026189791232\">9 de septiembre de 2016<\/a><\/p><\/blockquote>\n<p><script async src=\"\/\/platform.twitter.com\/widgets.js\" charset=\"utf-8\"><\/script><\/p>\n<p>El t\u00e9cnico del conjunto azulgrana ha se\u00f1alado resignado que &#8220;as\u00ed funciona esto&#8221;, a la vez que ha recordado que, pese a la sanci\u00f3n que les impedir\u00e1 reforzarse durante un a\u00f1o, &#8220;el<strong> Madrid<\/strong> y el <strong>Atl\u00e9tico<\/strong> siguen teniendo grandes plantillas&#8221;.<\/p>\n<p>Por \u00faltimo, <strong>Luis Enrique<\/strong> ha recordado lo poco que afect\u00f3 al <strong>Barcelona<\/strong> una sanci\u00f3n similar. &#8220;Nosotros la superamos y ganamos t\u00edtulos igualmente&#8221;, ha finalizado antes de desear que los dos equipos madrile\u00f1os, l\u00f3gicamente, no logren los mismo resultados que los azulgranas durante ese per\u00edodo. EFE<\/p>\n<p style=\"text-align: center;\"><strong><span style=\"color: #3366ff;\">LEER M\u00c1S:\u00a0<a style=\"color: #3366ff;\" href=\"https:\/\/www.futboltotal.com.mx\/2016\/09\/top-5-goles-del-derby-manchester\/\"> Top 5 | Goles del Derby de Manchester<\/a><\/span><\/strong><\/p>\n","protected":false},"excerpt":{"rendered":"<p>Luis Enrique calific\u00f3 como &#8216;injusta&#8217; la sanci\u00f3n a estos equipos<\/p>\n","protected":false},"author":144,"featured_media":418175,"comment_status":"closed","ping_status":"closed","sticky":false,"template":"","format":"standard","meta":[],"categories":[3839,3844,5951],"tags":[5984,4051,5988],"_links":{"self":[{"href":"http:\/\/desarrollo.grupomedios.com\/futbol\/wp-json\/wp\/v2\/posts\/427573"}],"collection":[{"href":"http:\/\/desarrollo.grupomedios.com\/futbol\/wp-json\/wp\/v2\/posts"}],"about":[{"href":"http:\/\/desarrollo.grupomedios.com\/futbol\/wp-json\/wp\/v2\/types\/post"}],"author":[{"embeddable":true,"href":"http:\/\/desarrollo.grupomedios.com\/futbol\/wp-json\/wp\/v2\/users\/144"}],"replies":[{"embeddable":true,"href":"http:\/\/desarrollo.grupomedios.com\/futbol\/wp-json\/wp\/v2\/comments?post=427573"}],"version-history":[{"count":0,"href":"http:\/\/desarrollo.grupomedios.com\/futbol\/wp-json\/wp\/v2\/posts\/427573\/revisions"}],"wp:featuredmedia":[{"embeddable":true,"href":"http:\/\/desarrollo.grupomedios.com\/futbol\/wp-json\/wp\/v2\/media\/418175"}],"wp:attachment":[{"href":"http:\/\/desarrollo.grupomedios.com\/futbol\/wp-json\/wp\/v2\/media?parent=427573"}],"wp:term":[{"taxonomy":"category","embeddable":true,"href":"http:\/\/desarrollo.grupomedios.com\/futbol\/wp-json\/wp\/v2\/categories?post=427573"},{"taxonomy":"post_tag","embeddable":true,"href":"http:\/\/desarrollo.grupomedios.com\/futbol\/wp-json\/wp\/v2\/tags?post=427573"}],"curies":[{"name":"wp","href":"https:\/\/api.w.org\/{rel}","templated":true}]}}