{"id":427651,"date":"2016-09-14T17:30:09","date_gmt":"2016-09-14T22:30:09","guid":{"rendered":"https:\/\/www.futboltotal.com.mx\/?p=427651"},"modified":"2016-09-18T20:51:00","modified_gmt":"2016-09-19T01:51:00","slug":"medallero-mexico-en-juegos-paralimpicos","status":"publish","type":"post","link":"http:\/\/desarrollo.grupomedios.com\/futbol\/destacado-home\/medallero-mexico-en-juegos-paralimpicos\/2016\/09","title":{"rendered":"Medallero de M\u00e9xico en los Juegos Paral\u00edmpicos"},"content":{"rendered":"<p>La fiesta sigue en R\u00edo de Janeiro, pues los<a href=\"https:\/\/www.futboltotal.com.mx\/otros-deportes\/\"> <strong>Juegos Paral\u00edmpicos<\/strong><\/a> comenzaron y con ello la ilusi\u00f3n de la afici\u00f3n retorn\u00f3 al vislumbrar a\u00a0los atletas nacionales con m\u00faltiples medallas que ponen en alto el nombre del pa\u00eds.<\/p>\n<p>A diferencia de los Juegos Ol\u00edmpicos, los <strong>Paral\u00edmpicos<\/strong> dieron alegr\u00edas desde el inicio pues los representantes <em>aztecas<\/em> ya lograron subirse al podio y con ello inmortalizar su esfuerzo de cuatro a\u00f1os.<\/p>\n<hr \/>\n<p style=\"text-align: center;\"><span style=\"color: #ff0000;\"><strong>MEDALLAS DE ORO\u00a0<\/strong><\/span><\/p>\n<p><strong>Mar\u00eda de los \u00c1ngeles<\/strong>\u00a0<strong>Ortiz<\/strong>\u00a0<strong>&#8211; Lanzamiento de bala<\/strong><\/p>\n<p>Mar\u00eda de los \u00c1ngeles dio al pa\u00eds la primera medalla de oro de los Juegos Paral\u00edmpicos de R\u00edo 2016.<\/p>\n<p>La mexicana refrend\u00f3 el t\u00edtulo de Londres 2012 tras ganar la prueba de lanzamiento de bala en la categor\u00eda F56-F57.\u00a0En su primera salida marc\u00f3 10.43 metros, en la segundo 10.53 y en su \u00faltima intervenci\u00f3n consigui\u00f3 10.94 metros, marca que la ubic\u00f3 como la mejor en esta competici\u00f3n.<\/p>\n<p><img decoding=\"async\" loading=\"lazy\" class=\"alignnone size-full wp-image-427537\" src=\"https:\/\/www.futboltotal.com.mx\/wp-content\/uploads\/2016\/09\/mexico-consigue-medalla-oro-paralimpicos-rio.jpg\" alt=\"mexico-consigue-medalla-oro-paralimpicos-rio\" srcset=\"http:\/\/desarrollo.grupomedios.com\/futbol\/wp-content\/uploads\/2016\/09\/mexico-consigue-medalla-oro-paralimpicos-rio.jpg 858w, http:\/\/desarrollo.grupomedios.com\/futbol\/wp-content\/uploads\/2016\/09\/mexico-consigue-medalla-oro-paralimpicos-rio-300x151.jpg 300w, http:\/\/desarrollo.grupomedios.com\/futbol\/wp-content\/uploads\/2016\/09\/mexico-consigue-medalla-oro-paralimpicos-rio-768x386.jpg 768w, http:\/\/desarrollo.grupomedios.com\/futbol\/wp-content\/uploads\/2016\/09\/mexico-consigue-medalla-oro-paralimpicos-rio-340x171.jpg 340w\" sizes=\"(max-width: 858px) 100vw, 858px\" \/><\/p>\n<p><strong>Eduardo \u00c1vila<\/strong>\u00a0&#8211;<strong> Judo\u00a0<\/strong><\/p>\n<p>El mexicano se colg\u00f3 la presea luego de vencer \u00a0al surcoreano Jungmin Leel en la divisi\u00f3n de menos de 81 kilogramos.\u00a0Este es el tercer metal de \u00c1vila en Juegos Paral\u00edmpicos tras obtener medalla en\u00a0Beijing 2008 y Londres 2012.<\/p>\n<p><a href=\"https:\/\/www.futboltotal.com.mx\/wp-content\/uploads\/2016\/09\/Eduardo-\u00c1vila.jpg\"><img decoding=\"async\" loading=\"lazy\" class=\"alignnone wp-image-428082 size-full\" src=\"https:\/\/www.futboltotal.com.mx\/wp-content\/uploads\/2016\/09\/Eduardo-\u00c1vila.jpg\" alt=\"eduardo-avila\" srcset=\"http:\/\/desarrollo.grupomedios.com\/futbol\/wp-content\/uploads\/2016\/09\/Eduardo-\u00c1vila.jpg 858w, http:\/\/desarrollo.grupomedios.com\/futbol\/wp-content\/uploads\/2016\/09\/Eduardo-\u00c1vila-300x151.jpg 300w, http:\/\/desarrollo.grupomedios.com\/futbol\/wp-content\/uploads\/2016\/09\/Eduardo-\u00c1vila-768x386.jpg 768w, http:\/\/desarrollo.grupomedios.com\/futbol\/wp-content\/uploads\/2016\/09\/Eduardo-\u00c1vila-340x171.jpg 340w\" sizes=\"(max-width: 858px) 100vw, 858px\" \/><\/a><\/p>\n<p><strong>Amalia P\u00e9rez &#8211; Levantamiento de potencia<\/strong><\/p>\n<p>P\u00e9rez se colg\u00f3 la medalla de oro luego de romper el r\u00e9cord mundial y ol\u00edmpico en levantamiento de potencia.<\/p>\n<p>La mexicana registr\u00f3 su mejor marca al levantar 130 kilogramos imponi\u00e9ndose a la nigeriana Esther Oyema y a la china Cuijuan Xiao.<\/p>\n<p><a href=\"https:\/\/www.futboltotal.com.mx\/wp-content\/uploads\/2016\/09\/amalia-perez.jpg\"><img decoding=\"async\" loading=\"lazy\" class=\"alignnone size-full wp-image-428183\" src=\"https:\/\/www.futboltotal.com.mx\/wp-content\/uploads\/2016\/09\/amalia-perez.jpg\" alt=\"Amalia P\u00e9rez\" srcset=\"http:\/\/desarrollo.grupomedios.com\/futbol\/wp-content\/uploads\/2016\/09\/amalia-perez.jpg 858w, http:\/\/desarrollo.grupomedios.com\/futbol\/wp-content\/uploads\/2016\/09\/amalia-perez-300x151.jpg 300w, http:\/\/desarrollo.grupomedios.com\/futbol\/wp-content\/uploads\/2016\/09\/amalia-perez-768x386.jpg 768w, http:\/\/desarrollo.grupomedios.com\/futbol\/wp-content\/uploads\/2016\/09\/amalia-perez-340x171.jpg 340w\" sizes=\"(max-width: 858px) 100vw, 858px\" \/><\/a><\/p>\n<p><strong>Lenia Ruvalcaba &#8211; Judo<\/strong><\/p>\n<p>La judoka hizo sonar por cuarta vez el himno nacional tras ganar la final de judo en la categor\u00eda de 70 kilogramos.\u00a0Ruvalcava se impuso a la anfitriona Alana Maldonado someti\u00e9ndola por 15 segundos para logrando as\u00ed la presea \u00e1urea.<\/p>\n<p>La mexicana particip\u00f3 en los Juegos Paral\u00edmpicos de Beijing 2008 donde obtuvo una medalla de plata. En Londres 2012, lleg\u00f3 al cuarto lugar tras caer ante \u00a0Nikolett Szabo representante de Hungr\u00eda.<\/p>\n<p><a href=\"https:\/\/www.futboltotal.com.mx\/wp-content\/uploads\/2016\/09\/lenia-ruvalcava.jpg\"><img decoding=\"async\" loading=\"lazy\" class=\"alignnone size-full wp-image-428184\" src=\"https:\/\/www.futboltotal.com.mx\/wp-content\/uploads\/2016\/09\/lenia-ruvalcava.jpg\" alt=\"lenia-ruvalcava\" srcset=\"http:\/\/desarrollo.grupomedios.com\/futbol\/wp-content\/uploads\/2016\/09\/lenia-ruvalcava.jpg 858w, http:\/\/desarrollo.grupomedios.com\/futbol\/wp-content\/uploads\/2016\/09\/lenia-ruvalcava-300x151.jpg 300w, http:\/\/desarrollo.grupomedios.com\/futbol\/wp-content\/uploads\/2016\/09\/lenia-ruvalcava-768x386.jpg 768w, http:\/\/desarrollo.grupomedios.com\/futbol\/wp-content\/uploads\/2016\/09\/lenia-ruvalcava-340x171.jpg 340w\" sizes=\"(max-width: 858px) 100vw, 858px\" \/><\/a><\/p>\n<p>&nbsp;<\/p>\n<hr \/>\n<p style=\"text-align: center;\"><span style=\"color: #ff0000;\"><strong>MEDALLAS DE PLATA<\/strong><\/span><\/p>\n<p><strong>Luis Zepeda &#8211; Lanzamiento de jabalina (Categor\u00eda F56-F57)<\/strong><\/p>\n<p>Esta se convierte en la sexta presea conseguida por el atleta de 51 a\u00f1os en Juegos Paral\u00edmpicos. Su fruct\u00edfera carrera incluye una medalla de oro en\u00a0Atenas 2004, una de bronce en Beijing 2008 y otra m\u00e1s de oro en Londres.<\/p>\n<p>El primer lugar fue para \u00a0Manolis Stefanoudakis que registr\u00f3 un\u00a0lanzamiento de 29.45 metros, mientras que el mexicano registr\u00f3\u00a025.92 metros. La medalla de bronce fue para el\u00a0bielorruso Aliaksandr Tryputs con una marca de 23.56 metros.<\/p>\n<p><a href=\"https:\/\/www.futboltotal.com.mx\/wp-content\/uploads\/2016\/09\/medallero-mexico-juegos-paralimpicos.jpg\"><img decoding=\"async\" loading=\"lazy\" class=\"alignnone size-full wp-image-427667\" src=\"https:\/\/www.futboltotal.com.mx\/wp-content\/uploads\/2016\/09\/medallero-mexico-juegos-paralimpicos.jpg\" alt=\"medallero-mexico-juegos-paralimpicos\" srcset=\"http:\/\/desarrollo.grupomedios.com\/futbol\/wp-content\/uploads\/2016\/09\/medallero-mexico-juegos-paralimpicos.jpg 858w, http:\/\/desarrollo.grupomedios.com\/futbol\/wp-content\/uploads\/2016\/09\/medallero-mexico-juegos-paralimpicos-300x151.jpg 300w, http:\/\/desarrollo.grupomedios.com\/futbol\/wp-content\/uploads\/2016\/09\/medallero-mexico-juegos-paralimpicos-768x386.jpg 768w, http:\/\/desarrollo.grupomedios.com\/futbol\/wp-content\/uploads\/2016\/09\/medallero-mexico-juegos-paralimpicos-340x171.jpg 340w\" sizes=\"(max-width: 858px) 100vw, 858px\" \/><\/a><\/p>\n<p><strong>\u00c9dgar Navarro &#8211; 400 mestros masculino T52<\/strong><\/p>\n<p>Registr\u00f3 un tiempo de 1:21.82 minutos, que le dio el segundo puesto gracias a su demostraci\u00f3n en el segundo carril, donde rebas\u00f3 a al brit\u00e1nico Stephen Osborne.<\/p>\n<p><a href=\"https:\/\/www.futboltotal.com.mx\/wp-content\/uploads\/2016\/09\/medallero-mexico-paralimpicos.jpg\"><img decoding=\"async\" loading=\"lazy\" class=\"alignnone size-full wp-image-429574\" src=\"https:\/\/www.futboltotal.com.mx\/wp-content\/uploads\/2016\/09\/medallero-mexico-paralimpicos.jpg\" alt=\"medallero-mexico-paralimpicos\" srcset=\"http:\/\/desarrollo.grupomedios.com\/futbol\/wp-content\/uploads\/2016\/09\/medallero-mexico-paralimpicos.jpg 858w, http:\/\/desarrollo.grupomedios.com\/futbol\/wp-content\/uploads\/2016\/09\/medallero-mexico-paralimpicos-300x151.jpg 300w, http:\/\/desarrollo.grupomedios.com\/futbol\/wp-content\/uploads\/2016\/09\/medallero-mexico-paralimpicos-768x386.jpg 768w, http:\/\/desarrollo.grupomedios.com\/futbol\/wp-content\/uploads\/2016\/09\/medallero-mexico-paralimpicos-340x171.jpg 340w\" sizes=\"(max-width: 858px) 100vw, 858px\" \/><\/a><\/p>\n<p>&nbsp;<\/p>\n<hr \/>\n<p style=\"text-align: center;\"><strong>MEDALLAS DE BRONCE<\/strong><\/p>\n<p><strong>Salvador Hern\u00e1ndez &#8211; 100 metros masculino T52<\/strong><\/p>\n<p>La delegaci\u00f3n mexicana sum\u00f3 una medalla de bronce\u00a0gracias al esfuerzo de Salvador Hern\u00e1ndez en los 100 metros masculinos\u00a0categor\u00eda T52.<\/p>\n<p>Hern\u00e1ndez registr\u00f3 su mejor marca de la temporada con un tiempo de 17.69. La medalla de oro y plata la conquistaron los estadounidenses Gianfranco Iannota y Martin Raymond con tiempos de 17.17 y 17.25 respectivamente.<\/p>\n<p><a href=\"https:\/\/www.futboltotal.com.mx\/wp-content\/uploads\/2016\/09\/SalvadorHernandez.jpg\"><img decoding=\"async\" loading=\"lazy\" class=\"alignnone size-full wp-image-428185\" src=\"https:\/\/www.futboltotal.com.mx\/wp-content\/uploads\/2016\/09\/SalvadorHernandez.jpg\" alt=\"salvadorhernandez\" srcset=\"http:\/\/desarrollo.grupomedios.com\/futbol\/wp-content\/uploads\/2016\/09\/SalvadorHernandez.jpg 858w, http:\/\/desarrollo.grupomedios.com\/futbol\/wp-content\/uploads\/2016\/09\/SalvadorHernandez-300x151.jpg 300w, http:\/\/desarrollo.grupomedios.com\/futbol\/wp-content\/uploads\/2016\/09\/SalvadorHernandez-768x386.jpg 768w, http:\/\/desarrollo.grupomedios.com\/futbol\/wp-content\/uploads\/2016\/09\/SalvadorHernandez-340x171.jpg 340w\" sizes=\"(max-width: 858px) 100vw, 858px\" \/><\/a><\/p>\n<p><strong>Pedro Rangel Haro \u2013 Nataci\u00f3n \u2013 100 metros masculino<\/strong><\/p>\n<p>La cuarta medalla para M\u00e9xico fue obtenida por el nadador Pedro Rangel, quien logr\u00f3 un tiempo de 1:37.84 y as\u00ed consigui\u00f3 su cuarta presea paral\u00edmpica. El primer sitio fue para el sueco Karl Forsman con un cronometro de 1:34.27 y la presea de plata la obtuvo el coreano Goun Lim Woo, con 1:35.18.<\/p>\n<p><a href=\"https:\/\/www.futboltotal.com.mx\/wp-content\/uploads\/2016\/09\/paralimpicos-pedro-rangel.jpg\"><img decoding=\"async\" loading=\"lazy\" class=\"alignnone size-full wp-image-428762\" src=\"https:\/\/www.futboltotal.com.mx\/wp-content\/uploads\/2016\/09\/paralimpicos-pedro-rangel.jpg\" alt=\"paralimpicos-pedro-rangel\" srcset=\"http:\/\/desarrollo.grupomedios.com\/futbol\/wp-content\/uploads\/2016\/09\/paralimpicos-pedro-rangel.jpg 858w, http:\/\/desarrollo.grupomedios.com\/futbol\/wp-content\/uploads\/2016\/09\/paralimpicos-pedro-rangel-300x151.jpg 300w, http:\/\/desarrollo.grupomedios.com\/futbol\/wp-content\/uploads\/2016\/09\/paralimpicos-pedro-rangel-768x386.jpg 768w, http:\/\/desarrollo.grupomedios.com\/futbol\/wp-content\/uploads\/2016\/09\/paralimpicos-pedro-rangel-340x171.jpg 340w\" sizes=\"(max-width: 858px) 100vw, 858px\" \/><\/a><\/p>\n<p><strong>Edgar Navarro S\u00e1nchez &#8211; 100 metros masculino T51<\/strong><\/p>\n<p>Navarro se colg\u00f3 la medalla de bronce luego de conseguir un tiempo de 21.96 segundos detr\u00e1s del belga Peter Genyn que registr\u00f3 un tiempo de 21.15 s y del argelino Mohamed Berrahal con 21.70.<\/p>\n<p>El atleta mexicano obtuvo la cuarta presea para la Delegaci\u00f3n Mexicana en atletismo en estos Juegos Paral\u00edmpicos.<\/p>\n<p><img decoding=\"async\" loading=\"lazy\" class=\"alignnone size-full wp-image-428589\" src=\"https:\/\/www.futboltotal.com.mx\/wp-content\/uploads\/2016\/09\/edgar-navarro-.jpg\" alt=\"edgar-navarro\" srcset=\"http:\/\/desarrollo.grupomedios.com\/futbol\/wp-content\/uploads\/2016\/09\/edgar-navarro-.jpg 858w, http:\/\/desarrollo.grupomedios.com\/futbol\/wp-content\/uploads\/2016\/09\/edgar-navarro--300x151.jpg 300w, http:\/\/desarrollo.grupomedios.com\/futbol\/wp-content\/uploads\/2016\/09\/edgar-navarro--768x386.jpg 768w, http:\/\/desarrollo.grupomedios.com\/futbol\/wp-content\/uploads\/2016\/09\/edgar-navarro--340x171.jpg 340w\" sizes=\"(max-width: 858px) 100vw, 858px\" \/><\/p>\n<p><strong>Catalina D\u00edaz Vilchis \u2013 Levantamiento de potencia \u2013 86 kg<\/strong><\/p>\n<p>Con 52 a\u00f1os, la atleta levant\u00f3 117 kilos para alcanzar el tercer sitio de la competencia. Catalina alz\u00f3 113 kilos inicialmente, en el segundo intento fall\u00f3, pero logr\u00f3 estabilizarse y termin\u00f3 con los 117 kg que le dieron la medalla de bronce.<\/p>\n<p><a href=\"https:\/\/www.futboltotal.com.mx\/wp-content\/uploads\/2016\/09\/paralimpicos-catalina-diaz.jpg\"><img decoding=\"async\" loading=\"lazy\" class=\"size-full wp-image-428760 alignnone\" src=\"https:\/\/www.futboltotal.com.mx\/wp-content\/uploads\/2016\/09\/paralimpicos-catalina-diaz.jpg\" alt=\"paralimpicos-catalina-diaz\" srcset=\"http:\/\/desarrollo.grupomedios.com\/futbol\/wp-content\/uploads\/2016\/09\/paralimpicos-catalina-diaz.jpg 858w, http:\/\/desarrollo.grupomedios.com\/futbol\/wp-content\/uploads\/2016\/09\/paralimpicos-catalina-diaz-300x151.jpg 300w, http:\/\/desarrollo.grupomedios.com\/futbol\/wp-content\/uploads\/2016\/09\/paralimpicos-catalina-diaz-768x386.jpg 768w, http:\/\/desarrollo.grupomedios.com\/futbol\/wp-content\/uploads\/2016\/09\/paralimpicos-catalina-diaz-340x171.jpg 340w\" sizes=\"(max-width: 858px) 100vw, 858px\" \/><\/a><\/p>\n<p><strong>Jos\u00e9 de Jes\u00fas Castillo \u2013 Levantamiento de potencia \u2013 97 kg<\/strong><\/p>\n<p>Al levantar 229 kg en la competencia de levantamiento de potencia, el mexicano se adjudic\u00f3 la medalla de bronce tras alcanzar el tercer puesto, s\u00f3lo por detr\u00e1s de el egipcio Mohamed Eldib, que levant\u00f3 237 kg, y Dong Qi, quien pudo con 233.<\/p>\n<p><a href=\"https:\/\/www.futboltotal.com.mx\/wp-content\/uploads\/2016\/09\/paralimpicos-jesus-castillo.jpg\"><img decoding=\"async\" loading=\"lazy\" class=\"size-full wp-image-428761 alignnone\" src=\"https:\/\/www.futboltotal.com.mx\/wp-content\/uploads\/2016\/09\/paralimpicos-jesus-castillo.jpg\" alt=\"paralimpicos-jesus-castillo\" srcset=\"http:\/\/desarrollo.grupomedios.com\/futbol\/wp-content\/uploads\/2016\/09\/paralimpicos-jesus-castillo.jpg 858w, http:\/\/desarrollo.grupomedios.com\/futbol\/wp-content\/uploads\/2016\/09\/paralimpicos-jesus-castillo-300x151.jpg 300w, http:\/\/desarrollo.grupomedios.com\/futbol\/wp-content\/uploads\/2016\/09\/paralimpicos-jesus-castillo-768x386.jpg 768w, http:\/\/desarrollo.grupomedios.com\/futbol\/wp-content\/uploads\/2016\/09\/paralimpicos-jesus-castillo-340x171.jpg 340w\" sizes=\"(max-width: 858px) 100vw, 858px\" \/><\/a><\/p>\n<p><strong>Rebeca Valenzuela &#8211; Lanzamiento de bala &#8211; F12<\/strong><\/p>\n<p>Con 13.05 metros como su mejor lanzamiento, la atleta mexicana logr\u00f3 colocarse en la tercera posici\u00f3n de la competencia, para regalarle a la delegaci\u00f3n <em>azteca<\/em>, su und\u00e9cima medalla durante los Juegos Paral\u00edmpicos. El podio fue completado por Asudia Legnante, de Italia, y Safiya Safiya Burkhanova de Uzbekist\u00e1n.<\/p>\n<p><a href=\"https:\/\/www.futboltotal.com.mx\/wp-content\/uploads\/2016\/09\/rebeca-valenzuela-medallero.jpg\"><img decoding=\"async\" loading=\"lazy\" class=\"alignnone size-full wp-image-429038\" src=\"https:\/\/www.futboltotal.com.mx\/wp-content\/uploads\/2016\/09\/rebeca-valenzuela-medallero.jpg\" alt=\"rebeca-valenzuela-medallero\" srcset=\"http:\/\/desarrollo.grupomedios.com\/futbol\/wp-content\/uploads\/2016\/09\/rebeca-valenzuela-medallero.jpg 858w, http:\/\/desarrollo.grupomedios.com\/futbol\/wp-content\/uploads\/2016\/09\/rebeca-valenzuela-medallero-300x151.jpg 300w, http:\/\/desarrollo.grupomedios.com\/futbol\/wp-content\/uploads\/2016\/09\/rebeca-valenzuela-medallero-768x386.jpg 768w, http:\/\/desarrollo.grupomedios.com\/futbol\/wp-content\/uploads\/2016\/09\/rebeca-valenzuela-medallero-340x171.jpg 340w\" sizes=\"(max-width: 858px) 100vw, 858px\" \/><\/a><\/p>\n<p><strong>Patricia Valle &#8211; Nataci\u00f3n &#8211; 500 m Pecho<\/strong><\/p>\n<p>La nadadora logr\u00f3 un tiempo de 1:02.40 en la final de los 500 metros de nado de pecho. Termin\u00f3 atr\u00e1s de J. Cheng de China, que hizo 0:58.26, y de M. Lafina de Ucrania.<\/p>\n<p><a href=\"https:\/\/www.futboltotal.com.mx\/wp-content\/uploads\/2016\/09\/paralimpicos-patricia-valle.jpg\"><img decoding=\"async\" loading=\"lazy\" class=\"alignnone size-full wp-image-429121\" src=\"https:\/\/www.futboltotal.com.mx\/wp-content\/uploads\/2016\/09\/paralimpicos-patricia-valle.jpg\" alt=\"paralimpicos-patricia-valle\" srcset=\"http:\/\/desarrollo.grupomedios.com\/futbol\/wp-content\/uploads\/2016\/09\/paralimpicos-patricia-valle.jpg 858w, http:\/\/desarrollo.grupomedios.com\/futbol\/wp-content\/uploads\/2016\/09\/paralimpicos-patricia-valle-300x151.jpg 300w, http:\/\/desarrollo.grupomedios.com\/futbol\/wp-content\/uploads\/2016\/09\/paralimpicos-patricia-valle-768x386.jpg 768w, http:\/\/desarrollo.grupomedios.com\/futbol\/wp-content\/uploads\/2016\/09\/paralimpicos-patricia-valle-340x171.jpg 340w\" sizes=\"(max-width: 858px) 100vw, 858px\" \/><\/a><\/p>\n<p><strong>Jes\u00fas Hern\u00e1ndez &#8211; 50 metros en nataci\u00f3n<\/strong><\/p>\n<p>Despu\u00e9s de tener 45,30 segundos, el nadador logr\u00f3 colarse en el podio en los 50 metros espalda masculino, prueba donde el otro mexicano Juan Reyes se qued\u00f3 cerca de una medalla.<\/p>\n<p><a href=\"https:\/\/www.futboltotal.com.mx\/wp-content\/uploads\/2016\/09\/medallero-mexico-paralimpicos-1.jpg\"><img decoding=\"async\" loading=\"lazy\" class=\"alignnone size-full wp-image-429577\" src=\"https:\/\/www.futboltotal.com.mx\/wp-content\/uploads\/2016\/09\/medallero-mexico-paralimpicos-1.jpg\" alt=\"medallero-mexico-paralimpicos\" srcset=\"http:\/\/desarrollo.grupomedios.com\/futbol\/wp-content\/uploads\/2016\/09\/medallero-mexico-paralimpicos-1.jpg 858w, http:\/\/desarrollo.grupomedios.com\/futbol\/wp-content\/uploads\/2016\/09\/medallero-mexico-paralimpicos-1-300x151.jpg 300w, http:\/\/desarrollo.grupomedios.com\/futbol\/wp-content\/uploads\/2016\/09\/medallero-mexico-paralimpicos-1-768x386.jpg 768w, http:\/\/desarrollo.grupomedios.com\/futbol\/wp-content\/uploads\/2016\/09\/medallero-mexico-paralimpicos-1-340x171.jpg 340w\" sizes=\"(max-width: 858px) 100vw, 858px\" \/><\/a><\/p>\n<p><strong>Nely Miranda &#8211;\u00a050 metros estilo libre categor\u00eda S4<\/strong><\/p>\n<p>La nadadora mexicana subi\u00f3 al podio por primera vez en los Juegos Paral\u00edmpicos R\u00edo 2016. Con un tiempo de 40.53 segundos le dio a Miranda el tercer lugar de la competencia.<\/p>\n<p>La autraliana Rachael Watson se proclam\u00f3 vencedora con un nuevo r\u00e9cord paral\u00edmpico de 40.13 segundos. Arjola Trimi de Italia\u00a0se qued\u00f3 con la plata luego de cerrar dos cent\u00e9simas por delante de la mexicana.<\/p>\n<p><a href=\"https:\/\/www.futboltotal.com.mx\/wp-content\/uploads\/2016\/09\/NelyMiranda.jpg\"><img decoding=\"async\" loading=\"lazy\" class=\"alignnone size-full wp-image-429769\" src=\"https:\/\/www.futboltotal.com.mx\/wp-content\/uploads\/2016\/09\/NelyMiranda.jpg\" alt=\"Nely Miranda\" srcset=\"http:\/\/desarrollo.grupomedios.com\/futbol\/wp-content\/uploads\/2016\/09\/NelyMiranda.jpg 858w, http:\/\/desarrollo.grupomedios.com\/futbol\/wp-content\/uploads\/2016\/09\/NelyMiranda-300x151.jpg 300w, http:\/\/desarrollo.grupomedios.com\/futbol\/wp-content\/uploads\/2016\/09\/NelyMiranda-768x386.jpg 768w, http:\/\/desarrollo.grupomedios.com\/futbol\/wp-content\/uploads\/2016\/09\/NelyMiranda-340x171.jpg 340w\" sizes=\"(max-width: 858px) 100vw, 858px\" \/><\/a><\/p>\n<p>La Delegaci\u00f3n Mexicana termin\u00f3 en la posici\u00f3n 15 del medallero general de los Juegos Paral\u00edmpicos R\u00edo 2016. China se qued\u00f3 en la cima de la lista con 239 medallas; 107 de oro, 81 de plata y 51 de bronce.<\/p>\n<p><strong>El recuento de los mexicanos en Juegos Paral\u00edmpicos&#8230;<\/strong><\/p>\n<p><span style=\"color: #ff0000;\">Medallas de Oro (4)<\/span>: Mar\u00eda de los \u00c1ngeles (lanzamiento de bala), \u00a0Eduardo \u00c1vila (judo), \u00a0Amalia P\u00e9rez (levantamiento de potencia) y Lenia Ruvalcaba (judo).<\/p>\n<p><span style=\"color: #ff0000;\">Medallas de Plata (2)<\/span>: Luis Zepeda (lanzamiento de jabalina), \u00c9dgar Navarro (atletismo 400 metros)<\/p>\n<p><span style=\"color: #ff0000;\">Medallas de Bronce (9)<\/span>: Salvador Hern\u00e1ndez \u00a0(atletismo), Pedro Rangel (nataci\u00f3n), Edgar Navarro (atletismo), Catalina D\u00edaz (levantamiento de potencia), Jes\u00fas Castillo (levantamiento de potencia), Rebeca Valenzuela (lanzamiento de bala), Patricia Valle (nataci\u00f3n), Jes\u00fas Hern\u00e1ndez (nataci\u00f3n) y Nely Miranda (nataci\u00f3n).<\/p>\n<p>&nbsp;<\/p>\n<p>&nbsp;<\/p>\n","protected":false},"excerpt":{"rendered":"<p>Delegaci\u00f3n azteca finaliz\u00f3 con 15 preseas en su cuenta<\/p>\n","protected":false},"author":20,"featured_media":429771,"comment_status":"closed","ping_status":"closed","sticky":false,"template":"","format":"standard","meta":[],"categories":[5,7182,5418,7188,6411],"tags":[7411],"_links":{"self":[{"href":"http:\/\/desarrollo.grupomedios.com\/futbol\/wp-json\/wp\/v2\/posts\/427651"}],"collection":[{"href":"http:\/\/desarrollo.grupomedios.com\/futbol\/wp-json\/wp\/v2\/posts"}],"about":[{"href":"http:\/\/desarrollo.grupomedios.com\/futbol\/wp-json\/wp\/v2\/types\/post"}],"author":[{"embeddable":true,"href":"http:\/\/desarrollo.grupomedios.com\/futbol\/wp-json\/wp\/v2\/users\/20"}],"replies":[{"embeddable":true,"href":"http:\/\/desarrollo.grupomedios.com\/futbol\/wp-json\/wp\/v2\/comments?post=427651"}],"version-history":[{"count":0,"href":"http:\/\/desarrollo.grupomedios.com\/futbol\/wp-json\/wp\/v2\/posts\/427651\/revisions"}],"wp:featuredmedia":[{"embeddable":true,"href":"http:\/\/desarrollo.grupomedios.com\/futbol\/wp-json\/wp\/v2\/media\/429771"}],"wp:attachment":[{"href":"http:\/\/desarrollo.grupomedios.com\/futbol\/wp-json\/wp\/v2\/media?parent=427651"}],"wp:term":[{"taxonomy":"category","embeddable":true,"href":"http:\/\/desarrollo.grupomedios.com\/futbol\/wp-json\/wp\/v2\/categories?post=427651"},{"taxonomy":"post_tag","embeddable":true,"href":"http:\/\/desarrollo.grupomedios.com\/futbol\/wp-json\/wp\/v2\/tags?post=427651"}],"curies":[{"name":"wp","href":"https:\/\/api.w.org\/{rel}","templated":true}]}}