{"id":427791,"date":"2016-09-09T18:34:59","date_gmt":"2016-09-09T23:34:59","guid":{"rendered":"https:\/\/www.futboltotal.com.mx\/?p=427791"},"modified":"2016-09-09T18:36:18","modified_gmt":"2016-09-09T23:36:18","slug":"doramitzi-gonzalez-pierde-medalla-juegos-paralimpicos","status":"publish","type":"post","link":"http:\/\/desarrollo.grupomedios.com\/futbol\/videos\/doramitzi-gonzalez-pierde-medalla-juegos-paralimpicos\/2016\/09","title":{"rendered":"M\u00e9xico pierde medalla por ineptitud administrativa"},"content":{"rendered":"<p>La nadadora mexicana, <strong>Doramitzi Gonz\u00e1lez<\/strong>, denunci\u00f3 la ineptitud de quienes ten\u00edan el trabajo de registrarla para competir en el relevo de 4&#215;50 metros mixtos, pues \u00e9stos no consiguieron inscribirla debido a que \u201cllegaron tarde\u201d.<\/p>\n<p>Por medio de <em>Facebook<\/em>, la multicampeona en Sydney 2000 y Atenas 2004 public\u00f3 un video en el que explica la situaci\u00f3n que la alej\u00f3 de competir por una presea \u00a0en los <strong>Juegos Paral\u00edmpicos<\/strong> de R\u00edo 2016. Entre l\u00e1grimas, la michoacana destaca que el error se produjo por \u201cllevar a personas que no saben\u201d.<\/p>\n<p><iframe loading=\"lazy\" style=\"border: none; overflow: hidden;\" src=\"https:\/\/www.facebook.com\/plugins\/video.php?href=https%3A%2F%2Fwww.facebook.com%2FDoramitziG.Hdez%2Fvideos%2F10154591526751995%2F&amp;show_text=0&amp;width=400\" frameborder=\"0\" scrolling=\"no\" allowfullscreen=\"allowfullscreen\"><\/iframe><\/p>\n","protected":false},"excerpt":{"rendered":"<p>Doramitzi Gonz\u00e1lez no pudo competir por falta de registro<\/p>\n","protected":false},"author":20,"featured_media":427793,"comment_status":"closed","ping_status":"closed","sticky":false,"template":"","format":"standard","meta":[],"categories":[7182,6411,4],"tags":[7411],"_links":{"self":[{"href":"http:\/\/desarrollo.grupomedios.com\/futbol\/wp-json\/wp\/v2\/posts\/427791"}],"collection":[{"href":"http:\/\/desarrollo.grupomedios.com\/futbol\/wp-json\/wp\/v2\/posts"}],"about":[{"href":"http:\/\/desarrollo.grupomedios.com\/futbol\/wp-json\/wp\/v2\/types\/post"}],"author":[{"embeddable":true,"href":"http:\/\/desarrollo.grupomedios.com\/futbol\/wp-json\/wp\/v2\/users\/20"}],"replies":[{"embeddable":true,"href":"http:\/\/desarrollo.grupomedios.com\/futbol\/wp-json\/wp\/v2\/comments?post=427791"}],"version-history":[{"count":0,"href":"http:\/\/desarrollo.grupomedios.com\/futbol\/wp-json\/wp\/v2\/posts\/427791\/revisions"}],"wp:featuredmedia":[{"embeddable":true,"href":"http:\/\/desarrollo.grupomedios.com\/futbol\/wp-json\/wp\/v2\/media\/427793"}],"wp:attachment":[{"href":"http:\/\/desarrollo.grupomedios.com\/futbol\/wp-json\/wp\/v2\/media?parent=427791"}],"wp:term":[{"taxonomy":"category","embeddable":true,"href":"http:\/\/desarrollo.grupomedios.com\/futbol\/wp-json\/wp\/v2\/categories?post=427791"},{"taxonomy":"post_tag","embeddable":true,"href":"http:\/\/desarrollo.grupomedios.com\/futbol\/wp-json\/wp\/v2\/tags?post=427791"}],"curies":[{"name":"wp","href":"https:\/\/api.w.org\/{rel}","templated":true}]}}