{"id":427961,"date":"2016-09-10T09:04:56","date_gmt":"2016-09-10T14:04:56","guid":{"rendered":"https:\/\/www.futboltotal.com.mx\/?p=427961"},"modified":"2016-09-10T09:04:56","modified_gmt":"2016-09-10T14:04:56","slug":"afectuoso-saludo-mourinho-guardiola","status":"publish","type":"post","link":"http:\/\/desarrollo.grupomedios.com\/futbol\/futbol-internacional\/afectuoso-saludo-mourinho-guardiola\/2016\/09","title":{"rendered":"Mourinho y Guardiola sorprenden en el Derbi de Manchester"},"content":{"rendered":"<p><strong>Jose Mourinho<\/strong> y <strong>Pep Guardiola<\/strong> se saludaron de forma afectuosa sobre el c\u00e9sped de Old Trafford, momentos antes del inicio del <strong>derbi de Manchester<\/strong>, entre el <strong>United<\/strong> y el <strong>City<\/strong>, de la cuarta jornada de la Premier League.<\/p>\n<p>Era una de las im\u00e1genes m\u00e1s esperadas. El saludo entre dos de los t\u00e9cnicos m\u00e1s reputados del mundo que han alimentado a lo largo de sus enfrentamientos una llamativa rivalidad.<\/p>\n<blockquote class=\"twitter-tweet\" data-lang=\"es\">\n<p dir=\"ltr\" lang=\"en\">21. Great opening 20 minutes from City! Who&#8217;s the standout in sky blue so far? <a href=\"https:\/\/twitter.com\/hashtag\/utdvcity?src=hash\">#utdvcity<\/a> <a href=\"https:\/\/twitter.com\/hashtag\/mcfc?src=hash\">#mcfc<\/a> <a href=\"https:\/\/t.co\/JP36GDpjx2\">pic.twitter.com\/JP36GDpjx2<\/a><\/p>\n<p>\u2014 Manchester City (@ManCity) <a href=\"https:\/\/twitter.com\/ManCity\/status\/774576206364672000\">10 de septiembre de 2016<\/a><\/p><\/blockquote>\n<p><script async src=\"\/\/platform.twitter.com\/widgets.js\" charset=\"utf-8\"><\/script><\/p>\n<p>Hubo saludo. Respeto y deportividad entre ambos. Una situaci\u00f3n ya advertida en la v\u00edspera con las sosegadas y respectivas declaraciones.<\/p>\n<p><strong>Mourinho<\/strong>, anfitri\u00f3n en esta ocasi\u00f3n, aguard\u00f3 la salida al c\u00e9sped de <strong>Guardiola<\/strong>, que apareci\u00f3 en el terreno de juego pocos minutos antes del comienzo. Se estrecharon la mano y el portugu\u00e9s abraz\u00f3 a su colega.<\/p>\n<p style=\"text-align: center;\"><strong><span style=\"color: #3366ff;\">LEER M\u00c1S:\u00a0<a style=\"color: #3366ff;\" href=\"https:\/\/www.futboltotal.com.mx\/2016\/09\/chicharito-regresa-a-la-titularidad-bayer\/\">\u00a1Chicharito regresa a la titularidad con el Bayer!<\/a><\/span><\/strong><\/p>\n<p><img decoding=\"async\" loading=\"lazy\" class=\"alignnone size-full wp-image-427969\" src=\"https:\/\/www.futboltotal.com.mx\/wp-content\/uploads\/2016\/09\/afectuoso-saludo-mou-y-pep.jpg\" alt=\"afectuoso-saludo-mou-y-pep\" srcset=\"http:\/\/desarrollo.grupomedios.com\/futbol\/wp-content\/uploads\/2016\/09\/afectuoso-saludo-mou-y-pep.jpg 858w, http:\/\/desarrollo.grupomedios.com\/futbol\/wp-content\/uploads\/2016\/09\/afectuoso-saludo-mou-y-pep-300x151.jpg 300w, http:\/\/desarrollo.grupomedios.com\/futbol\/wp-content\/uploads\/2016\/09\/afectuoso-saludo-mou-y-pep-768x386.jpg 768w, http:\/\/desarrollo.grupomedios.com\/futbol\/wp-content\/uploads\/2016\/09\/afectuoso-saludo-mou-y-pep-340x171.jpg 340w\" sizes=\"(max-width: 858px) 100vw, 858px\" \/><\/p>\n<p>Ambos t\u00e9cnicos se estrenan en <strong>Manchester<\/strong>. El luso, con varios a\u00f1os de experiencia en la Premier como responsable del Chelsea, inicia su andadura por Old Trafford. El t\u00e9cnico espa\u00f1ol irrumpe en el f\u00fatbol ingl\u00e9s despu\u00e9s de sus tres temporadas en Alemania, en el Bayern M\u00fanich, tras sus temporadas de ejercicio con el Barcelona.<\/p>\n<p>El choque de Old Trafford reanima la relaci\u00f3n de enfrentamientos entre ambos entrenadores. Una situaci\u00f3n nueva. Por primera vez en la Premier.<\/p>\n<p>Hasta ahora se han visto las caras diecis\u00e9is veces. Quince de ellas fue con <strong>Guardiola<\/strong> en el Barcelona. La otra con el Bayern. <strong>Mourinho<\/strong> se enfrent\u00f3 al espa\u00f1ol como responsable del Inter -cuatro veces-, con el Real Madrid -11- y uno con el Chelsea. En siete ocasiones el triunfo cay\u00f3 del lado de los equipos de <strong>Guardiola<\/strong>. Tres fueron para el portugu\u00e9s. Los seis restantes terminaron en empate. EFE<\/p>\n<p style=\"text-align: center;\"><strong><span style=\"color: #3366ff;\">LEER M\u00c1S:<a style=\"color: #3366ff;\" href=\"https:\/\/www.futboltotal.com.mx\/2016\/09\/cruz-azul-vs-america-los-cracks-del-clasico-joven\/\"> Los cracks del Cl\u00e1sico Joven<\/a><\/span><\/strong><\/p>\n","protected":false},"excerpt":{"rendered":"<p>Los t\u00e9cnicos se saludaron con un emotivo abrazo<\/p>\n","protected":false},"author":20,"featured_media":427967,"comment_status":"closed","ping_status":"closed","sticky":false,"template":"","format":"standard","meta":[],"categories":[3839,3846,5951],"tags":[2510,1484],"_links":{"self":[{"href":"http:\/\/desarrollo.grupomedios.com\/futbol\/wp-json\/wp\/v2\/posts\/427961"}],"collection":[{"href":"http:\/\/desarrollo.grupomedios.com\/futbol\/wp-json\/wp\/v2\/posts"}],"about":[{"href":"http:\/\/desarrollo.grupomedios.com\/futbol\/wp-json\/wp\/v2\/types\/post"}],"author":[{"embeddable":true,"href":"http:\/\/desarrollo.grupomedios.com\/futbol\/wp-json\/wp\/v2\/users\/20"}],"replies":[{"embeddable":true,"href":"http:\/\/desarrollo.grupomedios.com\/futbol\/wp-json\/wp\/v2\/comments?post=427961"}],"version-history":[{"count":0,"href":"http:\/\/desarrollo.grupomedios.com\/futbol\/wp-json\/wp\/v2\/posts\/427961\/revisions"}],"wp:featuredmedia":[{"embeddable":true,"href":"http:\/\/desarrollo.grupomedios.com\/futbol\/wp-json\/wp\/v2\/media\/427967"}],"wp:attachment":[{"href":"http:\/\/desarrollo.grupomedios.com\/futbol\/wp-json\/wp\/v2\/media?parent=427961"}],"wp:term":[{"taxonomy":"category","embeddable":true,"href":"http:\/\/desarrollo.grupomedios.com\/futbol\/wp-json\/wp\/v2\/categories?post=427961"},{"taxonomy":"post_tag","embeddable":true,"href":"http:\/\/desarrollo.grupomedios.com\/futbol\/wp-json\/wp\/v2\/tags?post=427961"}],"curies":[{"name":"wp","href":"https:\/\/api.w.org\/{rel}","templated":true}]}}