{"id":428017,"date":"2016-09-10T13:30:52","date_gmt":"2016-09-10T18:30:52","guid":{"rendered":"https:\/\/www.futboltotal.com.mx\/?p=428017"},"modified":"2016-09-11T09:45:58","modified_gmt":"2016-09-11T14:45:58","slug":"jonathan-dos-santos-reaparece-en-triunfo-del-villarreal","status":"publish","type":"post","link":"http:\/\/desarrollo.grupomedios.com\/futbol\/destacado-home\/jonathan-dos-santos-reaparece-en-triunfo-del-villarreal\/2016\/09","title":{"rendered":"Jona Dos Santos reaparece con Villarreal"},"content":{"rendered":"<p style=\"text-align: left;\">En el duelo donde el <strong>Villarreal<\/strong> venci\u00f3 como visitante por 0-2 al M\u00e1laga, el mediocampista mexicano, <strong>Jonathan Dos Santos,<\/strong> reapareci\u00f3 con el<em> Submarino Amarillo<\/em> luego de estar un mes lesionado.<\/p>\n<blockquote class=\"twitter-tweet\" data-lang=\"es\">\n<p dir=\"ltr\" lang=\"es\"><a href=\"https:\/\/twitter.com\/hashtag\/MalagaVillarreal?src=hash\">#MalagaVillarreal<\/a> Min. 64: Cambio en el Villarreal: Entra <a href=\"https:\/\/twitter.com\/jona2santos\">@jona2santos<\/a> y sale Santos Borr\u00e9. \u00a1ES bien chido tenerte de vuelta Jona!<\/p>\n<p>\u2014 Villarreal CF (@VillarrealCF) <a href=\"https:\/\/twitter.com\/VillarrealCF\/status\/774663121977810944\">10 de septiembre de 2016<\/a><\/p><\/blockquote>\n<p><script async src=\"\/\/platform.twitter.com\/widgets.js\" charset=\"utf-8\"><\/script><\/p>\n<p style=\"text-align: center;\"><strong>LEER M\u00c1S:\u00a0<a style=\"color: #3366ff;\" href=\"https:\/\/www.futboltotal.com.mx\/2016\/09\/afectuoso-saludo-mourinho-guardiola\/\">Mourinho y Guardiola sorprenden en el Derbi de Manchester<\/a><\/strong><\/p>\n<p>El mexicano entr\u00f3 cuando el partido ya se encontraba a favor de los visitantes, pero eso no impidi\u00f3 que tuvieran buenos 25 minutos con buena recuperaci\u00f3n y distribuci\u00f3n de bal\u00f3n.<\/p>\n<p>A pesar de que el M\u00e1laga se fue adelante desde el comienzo , los locales no pudieron vencer a Sergio Asenjo quien estuvo muy atento.<\/p>\n<p>Las situaciones fueron distintas para el <strong>Villarreal<\/strong>, pues Jaume Costa remat\u00f3 un centro raso al minuto 35 y abri\u00f3 el marcador para la visita.<\/p>\n<p>A partir de ah\u00ed, los amarillos se hicieron del bal\u00f3n e incluso pudieron haber incrementado su ventaja, pero Kameni le ataj\u00f3 un penal a Bruno Soriano.<\/p>\n<p>Antes de que terminar el primer tiempo, Sansone marc\u00f3 el segundo gol y la ventaja definitiva para el <strong>Villarreal<\/strong>.<\/p>\n<p style=\"text-align: center;\"><strong><span style=\"color: #3366ff;\">LEER M\u00c1S:<a style=\"color: #3366ff;\" href=\"https:\/\/www.futboltotal.com.mx\/2016\/09\/chicharito-regresa-asiste-en-triunfo-del-bayer-leverskusen\/\">Chicharito regresa y asiste en el triunfo del Leverskusen<\/a><\/span><\/strong><\/p>\n","protected":false},"excerpt":{"rendered":"<p>El mexicano entr\u00f3 de cambio en el triunfo del Submarino<\/p>\n","protected":false},"author":20,"featured_media":418028,"comment_status":"closed","ping_status":"closed","sticky":false,"template":"","format":"standard","meta":[],"categories":[5,3839,3844,6718],"tags":[4545,2607],"_links":{"self":[{"href":"http:\/\/desarrollo.grupomedios.com\/futbol\/wp-json\/wp\/v2\/posts\/428017"}],"collection":[{"href":"http:\/\/desarrollo.grupomedios.com\/futbol\/wp-json\/wp\/v2\/posts"}],"about":[{"href":"http:\/\/desarrollo.grupomedios.com\/futbol\/wp-json\/wp\/v2\/types\/post"}],"author":[{"embeddable":true,"href":"http:\/\/desarrollo.grupomedios.com\/futbol\/wp-json\/wp\/v2\/users\/20"}],"replies":[{"embeddable":true,"href":"http:\/\/desarrollo.grupomedios.com\/futbol\/wp-json\/wp\/v2\/comments?post=428017"}],"version-history":[{"count":0,"href":"http:\/\/desarrollo.grupomedios.com\/futbol\/wp-json\/wp\/v2\/posts\/428017\/revisions"}],"wp:featuredmedia":[{"embeddable":true,"href":"http:\/\/desarrollo.grupomedios.com\/futbol\/wp-json\/wp\/v2\/media\/418028"}],"wp:attachment":[{"href":"http:\/\/desarrollo.grupomedios.com\/futbol\/wp-json\/wp\/v2\/media?parent=428017"}],"wp:term":[{"taxonomy":"category","embeddable":true,"href":"http:\/\/desarrollo.grupomedios.com\/futbol\/wp-json\/wp\/v2\/categories?post=428017"},{"taxonomy":"post_tag","embeddable":true,"href":"http:\/\/desarrollo.grupomedios.com\/futbol\/wp-json\/wp\/v2\/tags?post=428017"}],"curies":[{"name":"wp","href":"https:\/\/api.w.org\/{rel}","templated":true}]}}