{"id":428123,"date":"2016-09-10T19:40:11","date_gmt":"2016-09-11T00:40:11","guid":{"rendered":"https:\/\/www.futboltotal.com.mx\/?p=428123"},"modified":"2016-09-10T19:47:35","modified_gmt":"2016-09-11T00:47:35","slug":"grandes-remontadas-del-america","status":"publish","type":"post","link":"http:\/\/desarrollo.grupomedios.com\/futbol\/destacado-home\/grandes-remontadas-del-america\/2016\/09","title":{"rendered":"Grandes remontadas del Am\u00e9rica"},"content":{"rendered":"<p>Despu\u00e9s 45 minutos, se ve\u00eda imposible que <strong>Am\u00e9rica<\/strong> pero el equipo no permiti\u00f3 que <strong>Cruz Azul<\/strong> manchara su Centenario, logr\u00f3 recuperarse de una desventaja de tres goles e incluso <a href=\"https:\/\/www.futboltotal.com.mx\/2016\/09\/resultados-liga-mx-cruz-azul-3-4-america\/\" target=\"_blank\">se llev\u00f3 el triunfo 3-4<\/a>. Sin embargo, no es la primera vez que las \u00c1guilas se levantan de una situaci\u00f3n as\u00ed.<\/p>\n<p><span style=\"color: #ff0000;\">\u00a1A la mexicana! | Am\u00e9rica 4-0 Tampico<\/span><\/p>\n<p>Una de las m\u00e1s recordadas se dio en la serie por el t\u00edtulo del Torneo Prode 85, cuando fue derrotado en la ida 4-1 por el Tampico Madero. El t\u00e9cnico del conjunto que en ese entonces era el argentino Miguel Angel L\u00f3pez, quien hizo la hombrada de ganar en la vuelta 4-0 en tiempo extra.<br \/>\n<iframe loading=\"lazy\" src=\"https:\/\/www.youtube.com\/embed\/4-lFt7xK0g4\" frameborder=\"0\" allowfullscreen=\"allowfullscreen\"><\/iframe><\/p>\n<p><span style=\"color: #ff0000;\">Maracanazo azulcrema | Flamengo 0-3 Am\u00e9rica<\/span><\/p>\n<p>Quiz\u00e1 la m\u00e1s recordada a nivel internacional se dio en la Copa Libertadores 2008, en la fase de octavos de final frente al Flamengo de Brasil.<\/p>\n<p>El primer duelo de esta eliminatoria se desarroll\u00f3 en el estadio Azteca, donde el cuadro <em>Carioca<\/em> sali\u00f3 con el triunfo 4-2, lo que obligaba al cuadro mexicano a ganar por tres tantos en R\u00edo de Janeiro.<\/p>\n<p>Con una gran actuaci\u00f3n del paraguayo Salvador Caba\u00f1as, las <em>\u00c1guilas<\/em> volaron al m\u00edtico estadio Maracan\u00e1 para derrotar al Flamengo por marcador de 3-0 y as\u00ed avanzar a cuartos de final.<br \/>\n<iframe loading=\"lazy\" src=\"https:\/\/www.youtube.com\/embed\/EbXZVS1NUp8\" frameborder=\"0\" allowfullscreen=\"allowfullscreen\"><\/iframe><\/p>\n<p><span style=\"color: #ff0000;\">Vuelo glorioso | Am\u00e9rica 2-1 Cruz Azul Global (2-2) Penales (4)- (2)<\/span><\/p>\n<p>El \u00faltimo gran regreso americanista y que se dio en un partido fue en la vuelta de la final del Torneo Clausura 2013 de la Liga MX, en la que hasta el minuto 88 perd\u00edan por marcador global de 2-0.<\/p>\n<p>Tras el gol del colombiano Aquivaldo Mosquera, el portero Mois\u00e9s Mu\u00f1oz logr\u00f3 la paridad en tiempo agregado, para irse a tiempo extra y penales, en los que salieron adelante para derrotar a Cruz Azul.<\/p>\n<p><iframe loading=\"lazy\" src=\"https:\/\/www.youtube.com\/embed\/ERXwoOU1cUQ?feature=oembed\" frameborder=\"0\" allowfullscreen><\/iframe><\/p>\n","protected":false},"excerpt":{"rendered":"<p>No es la primera vez que las \u00c1guilas se recuperan contra todo pron\u00f3stico<\/p>\n","protected":false},"author":20,"featured_media":428124,"comment_status":"closed","ping_status":"closed","sticky":false,"template":"","format":"standard","meta":[],"categories":[5,2198,3845],"tags":[5959],"_links":{"self":[{"href":"http:\/\/desarrollo.grupomedios.com\/futbol\/wp-json\/wp\/v2\/posts\/428123"}],"collection":[{"href":"http:\/\/desarrollo.grupomedios.com\/futbol\/wp-json\/wp\/v2\/posts"}],"about":[{"href":"http:\/\/desarrollo.grupomedios.com\/futbol\/wp-json\/wp\/v2\/types\/post"}],"author":[{"embeddable":true,"href":"http:\/\/desarrollo.grupomedios.com\/futbol\/wp-json\/wp\/v2\/users\/20"}],"replies":[{"embeddable":true,"href":"http:\/\/desarrollo.grupomedios.com\/futbol\/wp-json\/wp\/v2\/comments?post=428123"}],"version-history":[{"count":0,"href":"http:\/\/desarrollo.grupomedios.com\/futbol\/wp-json\/wp\/v2\/posts\/428123\/revisions"}],"wp:featuredmedia":[{"embeddable":true,"href":"http:\/\/desarrollo.grupomedios.com\/futbol\/wp-json\/wp\/v2\/media\/428124"}],"wp:attachment":[{"href":"http:\/\/desarrollo.grupomedios.com\/futbol\/wp-json\/wp\/v2\/media?parent=428123"}],"wp:term":[{"taxonomy":"category","embeddable":true,"href":"http:\/\/desarrollo.grupomedios.com\/futbol\/wp-json\/wp\/v2\/categories?post=428123"},{"taxonomy":"post_tag","embeddable":true,"href":"http:\/\/desarrollo.grupomedios.com\/futbol\/wp-json\/wp\/v2\/tags?post=428123"}],"curies":[{"name":"wp","href":"https:\/\/api.w.org\/{rel}","templated":true}]}}