{"id":428312,"date":"2016-09-11T14:00:11","date_gmt":"2016-09-11T19:00:11","guid":{"rendered":"https:\/\/www.futboltotal.com.mx\/?p=428312"},"modified":"2016-09-11T21:39:38","modified_gmt":"2016-09-12T02:39:38","slug":"pumas-se-solidariza-darwin-quintero","status":"publish","type":"post","link":"http:\/\/desarrollo.grupomedios.com\/futbol\/futbol-mexicano\/pumas-se-solidariza-darwin-quintero\/2016\/09","title":{"rendered":"Pumas se solidariza con Darwin Quintero"},"content":{"rendered":"<p>Los <a href=\"http:\/\/futboltotal.com.mx\/equipos\/unam\/\" target=\"_blank\"><strong>Pumas de la UNAM<\/strong><\/a> tuvieron un noble gesto con el delantero colombiano del Am\u00e9rica, <strong>Darwin Quintero<\/strong>, quien est\u00e1 fuera de actividad por tiempo indefinido a causa de una tromboflebitis en la pierna derecha.<\/p>\n<p>Previo al partido ante <strong>Gallos<\/strong>, <a href=\"https:\/\/www.futboltotal.com.mx\/2016\/09\/los-riesgos-la-enfermedad-darwin-quintero\/\">en el que remontaron y goleador 4-1<\/a>, los <em>Universitarios<\/em> mostraron una manta en apoyo al jugador de 28 a\u00f1os con la leyenda &#8220;\u00a1Fuerza Darwin!&#8221;. El gesto deportivo fue reconocido por la afici\u00f3n de los <strong>Pumas<\/strong>, que se sum\u00f3 a ellos empu\u00f1ando la mano derecha y elev\u00e1ndola junto con el plantel.<\/p>\n<p style=\"text-align: center;\"><a href=\"https:\/\/www.futboltotal.com.mx\/2016\/09\/goleada-hecha-en-cu\/\"><span style=\"color: #3366ff;\"><strong>LEER M\u00c1S: Pumas saca la cantera y golea en CU<\/strong><\/span><\/a><\/p>\n<p style=\"text-align: center;\"><a href=\"https:\/\/www.futboltotal.com.mx\/wp-content\/uploads\/2016\/09\/Pumas-se-solidariza-con-Darwin.jpg\"><img decoding=\"async\" loading=\"lazy\" class=\"alignnone size-full wp-image-428313\" src=\"https:\/\/www.futboltotal.com.mx\/wp-content\/uploads\/2016\/09\/Pumas-se-solidariza-con-Darwin.jpg\" alt=\"pumas-se-solidariza-con-darwin\" srcset=\"http:\/\/desarrollo.grupomedios.com\/futbol\/wp-content\/uploads\/2016\/09\/Pumas-se-solidariza-con-Darwin.jpg 858w, http:\/\/desarrollo.grupomedios.com\/futbol\/wp-content\/uploads\/2016\/09\/Pumas-se-solidariza-con-Darwin-300x151.jpg 300w, http:\/\/desarrollo.grupomedios.com\/futbol\/wp-content\/uploads\/2016\/09\/Pumas-se-solidariza-con-Darwin-768x386.jpg 768w, http:\/\/desarrollo.grupomedios.com\/futbol\/wp-content\/uploads\/2016\/09\/Pumas-se-solidariza-con-Darwin-340x171.jpg 340w\" sizes=\"(max-width: 858px) 100vw, 858px\" \/><\/a><\/p>\n<p style=\"text-align: center;\"><span style=\"color: #3366ff;\"><a style=\"color: #3366ff;\" href=\"https:\/\/www.futboltotal.com.mx\/2016\/09\/los-riesgos-la-enfermedad-darwin-quintero\/\"><strong>LEER M\u00c1S: Los riesgos del padecimiento de Darwin<\/strong><\/a><\/span><\/p>\n<p>El futbolista del Am\u00e9rica se conmovi\u00f3 con el gesto de <strong>Pumas<\/strong>, as\u00ed que envi\u00f3 sus agradecimientos a la instituci\u00f3n auriazul y a todos los que le han enviado mensajes de apoyo, a trav\u00e9s de su cuenta de Twitter.<\/p>\n<blockquote class=\"twitter-tweet\" data-lang=\"es\">\n<p dir=\"ltr\" lang=\"es\">Gracias a la gente de <a href=\"https:\/\/twitter.com\/PumasMX\">@PumasMX<\/a> por tan gran gesto. Con Dios de la mano vamos muy Bn en la recuperaci\u00f3n y abrazo a todos por sus mensajes<\/p>\n<p>\u2014 darwin quintero (@darwinJR3) <a href=\"https:\/\/twitter.com\/darwinJR3\/status\/775109035297091584\">11 de septiembre de 2016<\/a><\/p><\/blockquote>\n<p><script async src=\"\/\/platform.twitter.com\/widgets.js\" charset=\"utf-8\"><\/script><\/p>\n","protected":false},"excerpt":{"rendered":"<p>Los felinos mostraron una manta en apoyo al jugador del Am\u00e9rica<\/p>\n","protected":false},"author":20,"featured_media":428313,"comment_status":"closed","ping_status":"closed","sticky":false,"template":"","format":"standard","meta":[],"categories":[2198,3845,5950],"tags":[284,74],"_links":{"self":[{"href":"http:\/\/desarrollo.grupomedios.com\/futbol\/wp-json\/wp\/v2\/posts\/428312"}],"collection":[{"href":"http:\/\/desarrollo.grupomedios.com\/futbol\/wp-json\/wp\/v2\/posts"}],"about":[{"href":"http:\/\/desarrollo.grupomedios.com\/futbol\/wp-json\/wp\/v2\/types\/post"}],"author":[{"embeddable":true,"href":"http:\/\/desarrollo.grupomedios.com\/futbol\/wp-json\/wp\/v2\/users\/20"}],"replies":[{"embeddable":true,"href":"http:\/\/desarrollo.grupomedios.com\/futbol\/wp-json\/wp\/v2\/comments?post=428312"}],"version-history":[{"count":0,"href":"http:\/\/desarrollo.grupomedios.com\/futbol\/wp-json\/wp\/v2\/posts\/428312\/revisions"}],"wp:featuredmedia":[{"embeddable":true,"href":"http:\/\/desarrollo.grupomedios.com\/futbol\/wp-json\/wp\/v2\/media\/428313"}],"wp:attachment":[{"href":"http:\/\/desarrollo.grupomedios.com\/futbol\/wp-json\/wp\/v2\/media?parent=428312"}],"wp:term":[{"taxonomy":"category","embeddable":true,"href":"http:\/\/desarrollo.grupomedios.com\/futbol\/wp-json\/wp\/v2\/categories?post=428312"},{"taxonomy":"post_tag","embeddable":true,"href":"http:\/\/desarrollo.grupomedios.com\/futbol\/wp-json\/wp\/v2\/tags?post=428312"}],"curies":[{"name":"wp","href":"https:\/\/api.w.org\/{rel}","templated":true}]}}