{"id":428445,"date":"2016-09-11T21:11:36","date_gmt":"2016-09-12T02:11:36","guid":{"rendered":"https:\/\/www.futboltotal.com.mx\/?p=428445"},"modified":"2016-09-11T21:12:06","modified_gmt":"2016-09-12T02:12:06","slug":"jose-ramon-fernandez-david-faitelson-se-retan-a-golpes","status":"publish","type":"post","link":"http:\/\/desarrollo.grupomedios.com\/futbol\/videos\/jose-ramon-fernandez-david-faitelson-se-retan-a-golpes\/2016\/09","title":{"rendered":"\u00a1Joserra y David Faitelson se retan a golpes!"},"content":{"rendered":"<p>Los comentaristas deportivos, <strong>Jos\u00e9 Ram\u00f3n Fern\u00e1ndez<\/strong> y <strong>David Faitelson<\/strong>, quienes trabajan en la cadena <em>ESPN<\/em>, se enfrentaron verbalmente, como lo suelen hacer, en el programa <em>Cron\u00f3metro<\/em>, donde debaten diversos temas del deporte mundial, en cuesti\u00f3n de minutos; sin embargo, la discusi\u00f3n se sali\u00f3 de control, al grado de llegar a insultarse por su aspecto o por su labor en otros medios, y luego encender la tensi\u00f3n, para retarse a algo m\u00e1s que insultos.<\/p>\n<p>As\u00ed fue la batalla entre <strong>Jos\u00e9 Ram\u00f3n Fern\u00e1ndez<\/strong> y <strong>David Faitelson<\/strong>, que inici\u00f3 por la posible llegada de Marcelo Bielsa al <em>TRI<\/em>, rumorada por uno de ellos; y que termin\u00f3, en un reto a golpes fuera del estudio.<\/p>\n<p style=\"text-align: center;\"><span style=\"color: #3366ff;\"><a style=\"color: #3366ff;\" href=\"https:\/\/www.futboltotal.com.mx\/2016\/09\/increible-donacion-aficionados-del-ado\/\" target=\"_blank\"><strong>LEER M\u00c1S: El fabuloso regalo de la afici\u00f3n del ADO a ni\u00f1os<\/strong><\/a><\/span><\/p>\n<p><iframe loading=\"lazy\" src=\"https:\/\/www.youtube.com\/embed\/1_dpNip16E8\" frameborder=\"0\" allowfullscreen=\"allowfullscreen\"><\/iframe><\/p>\n","protected":false},"excerpt":{"rendered":"<p>En plena transmisi\u00f3n de ESPN, los comentaristas elevaron la tensi\u00f3n<\/p>\n","protected":false},"author":20,"featured_media":428446,"comment_status":"closed","ping_status":"closed","sticky":false,"template":"","format":"standard","meta":[],"categories":[5419,4,6433],"tags":[5460,5448,6974],"_links":{"self":[{"href":"http:\/\/desarrollo.grupomedios.com\/futbol\/wp-json\/wp\/v2\/posts\/428445"}],"collection":[{"href":"http:\/\/desarrollo.grupomedios.com\/futbol\/wp-json\/wp\/v2\/posts"}],"about":[{"href":"http:\/\/desarrollo.grupomedios.com\/futbol\/wp-json\/wp\/v2\/types\/post"}],"author":[{"embeddable":true,"href":"http:\/\/desarrollo.grupomedios.com\/futbol\/wp-json\/wp\/v2\/users\/20"}],"replies":[{"embeddable":true,"href":"http:\/\/desarrollo.grupomedios.com\/futbol\/wp-json\/wp\/v2\/comments?post=428445"}],"version-history":[{"count":0,"href":"http:\/\/desarrollo.grupomedios.com\/futbol\/wp-json\/wp\/v2\/posts\/428445\/revisions"}],"wp:featuredmedia":[{"embeddable":true,"href":"http:\/\/desarrollo.grupomedios.com\/futbol\/wp-json\/wp\/v2\/media\/428446"}],"wp:attachment":[{"href":"http:\/\/desarrollo.grupomedios.com\/futbol\/wp-json\/wp\/v2\/media?parent=428445"}],"wp:term":[{"taxonomy":"category","embeddable":true,"href":"http:\/\/desarrollo.grupomedios.com\/futbol\/wp-json\/wp\/v2\/categories?post=428445"},{"taxonomy":"post_tag","embeddable":true,"href":"http:\/\/desarrollo.grupomedios.com\/futbol\/wp-json\/wp\/v2\/tags?post=428445"}],"curies":[{"name":"wp","href":"https:\/\/api.w.org\/{rel}","templated":true}]}}