{"id":428463,"date":"2016-09-12T09:34:16","date_gmt":"2016-09-12T14:34:16","guid":{"rendered":"https:\/\/www.futboltotal.com.mx\/?p=428463"},"modified":"2016-09-12T09:34:16","modified_gmt":"2016-09-12T14:34:16","slug":"11-ideal-la-jornada-8-apertura-2016","status":"publish","type":"post","link":"http:\/\/desarrollo.grupomedios.com\/futbol\/destacado-home\/11-ideal-la-jornada-8-apertura-2016\/2016\/09","title":{"rendered":"El 11 ideal de la jornada 8 | Apertura 2016"},"content":{"rendered":"<p>La <strong>jornada 8 del Apertura 2016<\/strong> fue bastante atractiva, pues hubo partidos con remontadas y algunas goleadas, que dieron dicha a la afici\u00f3n de la Liga MX, por eso la mayor\u00eda de los protagonistas de dicho encuentro, se ganaron un lugar en el siguiente <strong>11 ideal<\/strong>.<\/p>\n<p style=\"text-align: center;\"><span style=\"color: #3366ff;\"><a style=\"color: #3366ff;\" href=\"https:\/\/www.futboltotal.com.mx\/2016\/09\/romero-peralta-persiguen-a-dayro-moreno\/\" target=\"_blank\"><strong>LEER M\u00c1S: El resumen de la jornada 8<\/strong><\/a><\/span><\/p>\n<p><a href=\"https:\/\/www.futboltotal.com.mx\/wp-content\/uploads\/2016\/09\/11idealap16-jornada-8.jpg\"><img decoding=\"async\" loading=\"lazy\" class=\"size-full wp-image-428464 aligncenter\" src=\"https:\/\/www.futboltotal.com.mx\/wp-content\/uploads\/2016\/09\/11idealap16-jornada-8.jpg\" alt=\"11idealap16-jornada-8\" srcset=\"http:\/\/desarrollo.grupomedios.com\/futbol\/wp-content\/uploads\/2016\/09\/11idealap16-jornada-8.jpg 858w, http:\/\/desarrollo.grupomedios.com\/futbol\/wp-content\/uploads\/2016\/09\/11idealap16-jornada-8-215x300.jpg 215w, http:\/\/desarrollo.grupomedios.com\/futbol\/wp-content\/uploads\/2016\/09\/11idealap16-jornada-8-768x1071.jpg 768w, http:\/\/desarrollo.grupomedios.com\/futbol\/wp-content\/uploads\/2016\/09\/11idealap16-jornada-8-735x1024.jpg 735w\" sizes=\"(max-width: 858px) 100vw, 858px\" \/><\/a><\/p>\n<p><strong>Alfredo Talavera | <a href=\"http:\/\/www.futboltotal.com.mx\/equipos\/toluca\/\" target=\"_blank\">Toluca<\/a><\/strong> | Con grandes lances y estupendos achiques ante el Puebla, el cancerbero demostr\u00f3 por qu\u00e9 es el mejor portero mexicano del momento.<\/p>\n<p><strong>Juan Carlos Valenzuela | <a href=\"http:\/\/www.futboltotal.com.mx\/equipos\/tijuana\/\" target=\"_blank\">Xolos<\/a><\/strong> | Nuevamente, el hombre de confianza de Miguel Herrera respondi\u00f3, para provocar que Tijuana rescatara un punto del BBVA.<\/p>\n<p><strong>Guillermo Burdisso | <a href=\"http:\/\/www.futboltotal.com.mx\/equipos\/leon\/\" target=\"_blank\">Le\u00f3n<\/a><\/strong> | Lleg\u00f3 nuevo t\u00e9cnico y de pronto todos los jugadores <em>felinos<\/em> destacaron, incluyendo a Burdisso, quien no s\u00f3lo defendi\u00f3 bien, sino que hasta marc\u00f3 en la goleada al Atlas.<\/p>\n<p><strong>Pablo Aguilar | <a href=\"http:\/\/www.futboltotal.com.mx\/equipos\/america\/\" target=\"_blank\">Am\u00e9rica<\/a><\/strong> | El futbol da revanchas, a Pablo Aguilar le toc\u00f3 en un s\u00f3lo juego, pues provoc\u00f3 el primer tanto en contra de las <em>\u00c1guilas<\/em>, pero luego despert\u00f3 junto con todo el equipo, para anotar en la remontada.<\/p>\n<p><strong>Brayan Beckeles | <a href=\"http:\/\/www.futboltotal.com.mx\/equipos\/necaxa\/\" target=\"_blank\">Necaxa<\/a><\/strong> | El hondure\u00f1o culmin\u00f3 una semana de ensue\u00f1o, al lograr empatar con su selecci\u00f3n en el Azteca y calificar al Hexagonal, para luego anotar con los <em>Rayos<\/em> y colaborar en su primera victoria en casa.<\/p>\n<p><strong>Guido Pizarro | <a href=\"http:\/\/www.futboltotal.com.mx\/equipos\/tigres\/\" target=\"_blank\">Tigres<\/a> |<\/strong> Si el contenci\u00f3n<em> felino<\/em> est\u00e1 en gran nivel, todo el club lo est\u00e1, y si se le agota el gol a los delanteros, Guido colabora con anotaciones.<\/p>\n<p><strong>El\u00edas Hern\u00e1ndez |\u00a0Le\u00f3n<\/strong> | El volante <em>felino<\/em> responde casi en cada partido, es de los que se salvaba, en el proceso del Flaco Tena, y ahora con nuevo t\u00e9cnico, se luci\u00f3 en el campo.<\/p>\n<p><strong>Isaac Brizuela | <a href=\"http:\/\/www.futboltotal.com.mx\/equipos\/guadalajara\/\" target=\"_blank\">Chivas<\/a><\/strong> | Volvi\u00f3 a anotar con el <em>Reba\u00f1o<\/em>, para colocarse como el m\u00e1ximo goleador del club en lo que va del torneo; tambi\u00e9n se le podr\u00eda considerar, el mejor jugador <em>rojiblanco<\/em>.<\/p>\n<p><strong>Mat\u00edas Britos |\u00a0<a href=\"http:\/\/www.futboltotal.com.mx\/equipos\/unam\/\" target=\"_blank\">Pumas<\/a><\/strong> | Con dos asistencias, <em>el charr\u00faa<\/em> demuestra que ha encontrado una nueva posici\u00f3n, en la que colabora con los <em>auriazules<\/em>, a darles goleadas.<\/p>\n<p><strong>Christian Gim\u00e9nez |\u00a0<a href=\"http:\/\/www.futboltotal.com.mx\/equipos\/cruz-azul\/\" target=\"_blank\">Cruz Azul<\/a><\/strong> | <em>Chaco<\/em> brill\u00f3 en su participaci\u00f3n en el <em>Cl\u00e1sico Joven<\/em>, pero tambi\u00e9n demostr\u00f3, que la <em>M\u00e1quina<\/em> es muy dependiente de \u00e9l.<\/p>\n<p><strong>Silvio Romero |\u00a0Am\u00e9rica<\/strong> | La p\u00f3lvora estaba mojada en el rifle del <em>Chino<\/em>, pero despert\u00f3 en el partido que m\u00e1s se necesitaba y en el momento m\u00e1s oportuno para comandar la remontada.<\/p>\n","protected":false},"excerpt":{"rendered":"<p>\u00a1Remontadas y goleadas, le dieron lugar a estos gladiadores!<\/p>\n","protected":false},"author":20,"featured_media":428465,"comment_status":"closed","ping_status":"closed","sticky":false,"template":"","format":"standard","meta":[],"categories":[5,2198,3845],"tags":[6927,3061],"_links":{"self":[{"href":"http:\/\/desarrollo.grupomedios.com\/futbol\/wp-json\/wp\/v2\/posts\/428463"}],"collection":[{"href":"http:\/\/desarrollo.grupomedios.com\/futbol\/wp-json\/wp\/v2\/posts"}],"about":[{"href":"http:\/\/desarrollo.grupomedios.com\/futbol\/wp-json\/wp\/v2\/types\/post"}],"author":[{"embeddable":true,"href":"http:\/\/desarrollo.grupomedios.com\/futbol\/wp-json\/wp\/v2\/users\/20"}],"replies":[{"embeddable":true,"href":"http:\/\/desarrollo.grupomedios.com\/futbol\/wp-json\/wp\/v2\/comments?post=428463"}],"version-history":[{"count":0,"href":"http:\/\/desarrollo.grupomedios.com\/futbol\/wp-json\/wp\/v2\/posts\/428463\/revisions"}],"wp:featuredmedia":[{"embeddable":true,"href":"http:\/\/desarrollo.grupomedios.com\/futbol\/wp-json\/wp\/v2\/media\/428465"}],"wp:attachment":[{"href":"http:\/\/desarrollo.grupomedios.com\/futbol\/wp-json\/wp\/v2\/media?parent=428463"}],"wp:term":[{"taxonomy":"category","embeddable":true,"href":"http:\/\/desarrollo.grupomedios.com\/futbol\/wp-json\/wp\/v2\/categories?post=428463"},{"taxonomy":"post_tag","embeddable":true,"href":"http:\/\/desarrollo.grupomedios.com\/futbol\/wp-json\/wp\/v2\/tags?post=428463"}],"curies":[{"name":"wp","href":"https:\/\/api.w.org\/{rel}","templated":true}]}}