{"id":428472,"date":"2016-09-12T10:28:57","date_gmt":"2016-09-12T15:28:57","guid":{"rendered":"https:\/\/www.futboltotal.com.mx\/?p=428472"},"modified":"2016-09-13T16:53:37","modified_gmt":"2016-09-13T21:53:37","slug":"jose-cardozo-deja-domador-del-jaguar","status":"publish","type":"post","link":"http:\/\/desarrollo.grupomedios.com\/futbol\/destacado-home\/jose-cardozo-deja-domador-del-jaguar\/2016\/09","title":{"rendered":"OFICIAL: Jos\u00e9 Cardozo deja de ser domador del Jaguar"},"content":{"rendered":"<p>Tras <a href=\"https:\/\/www.futboltotal.com.mx\/2016\/09\/romero-peralta-persiguen-a-dayro-moreno\/\" target=\"_blank\">8 jornadas<\/a> del Apertura 2016, <a href=\"http:\/\/www.futboltotal.com.mx\/equipos\/chiapas\/\" target=\"_blank\"><strong>Chiapas<\/strong><\/a> se ubica en la \u00faltima posici\u00f3n del torneo, con tan solo cuatro puntos, y adem\u00e1s, <em>el Jaguar<\/em> ya es pen\u00faltimo de la tabla porcentual, por lo que la directiva del club decidi\u00f3 cesar a <strong>Jos\u00e9 Saturnino Cardozo<\/strong>, del tim\u00f3n<em> felino<\/em>.<\/p>\n<p><strong>Jos\u00e9 Cardozo<\/strong> emprendi\u00f3 un reto casi imposible de asumir, ya que <strong>Chiapas<\/strong> fue desarmado para este Apertura 2016 y no pudo reforzarse de la mejor manera, por ello los resultados, no pudieron favorecerle al estratega <em>guaran\u00ed<\/em>.<\/p>\n<p>De acuerdo a la prensa nacional, <strong>Jos\u00e9 Cardozo<\/strong> ya tendr\u00eda relevo en <strong>Chiapas<\/strong>, se trata de un viejo conocido de la Liga MX y del mismo club <em>felino<\/em>: el director t\u00e9cnico, Sergio Bueno, quien los dirigi\u00f3 en 2015, y luego fue sustituido por Ricardo La Volpe.<\/p>\n<p style=\"text-align: center;\"><span style=\"color: #3366ff;\"><a style=\"color: #3366ff;\" href=\"https:\/\/www.futboltotal.com.mx\/2016\/09\/11-ideal-la-jornada-8-apertura-2016\/\" target=\"_blank\"><strong>LEER M\u00c1S: El 11 ideal de la jornada 8<\/strong><\/a><\/span><\/p>\n<p>A trav\u00e9s de su cuenta de Twitter, <strong>Chiapas<\/strong> dio a conocer la salida de <strong>Jos\u00e9 Cardozo<\/strong>, a quien agradecieron por su labor con el club felino. Con ello, el <em>guaran\u00ed<\/em> se convierte en el tercer estratega que pierde su puesto, en lo que va del Apertura 2016.<\/p>\n<blockquote class=\"twitter-tweet\" data-lang=\"es\">\n<p dir=\"ltr\" lang=\"es\">Gracias por tu profesionalismo, compromiso y dedicaci\u00f3n mostrado. Te deseamos lo mejor en tus pr\u00f3ximos proyectos. <a href=\"https:\/\/t.co\/4Qk3tuENiU\">pic.twitter.com\/4Qk3tuENiU<\/a><\/p>\n<p>\u2014 Chiapas Jaguar (@Chiapas_FC) <a href=\"https:\/\/twitter.com\/Chiapas_FC\/status\/775365606677753856\">12 de septiembre de 2016<\/a><\/p><\/blockquote>\n<p><script async src=\"\/\/platform.twitter.com\/widgets.js\" charset=\"utf-8\"><\/script><\/p>\n","protected":false},"excerpt":{"rendered":"<p>El estratega guaran\u00ed fue cesado de su cargo <\/p>\n","protected":false},"author":20,"featured_media":0,"comment_status":"closed","ping_status":"closed","sticky":false,"template":"","format":"standard","meta":[],"categories":[5,2198,3845],"tags":[5964,3642],"_links":{"self":[{"href":"http:\/\/desarrollo.grupomedios.com\/futbol\/wp-json\/wp\/v2\/posts\/428472"}],"collection":[{"href":"http:\/\/desarrollo.grupomedios.com\/futbol\/wp-json\/wp\/v2\/posts"}],"about":[{"href":"http:\/\/desarrollo.grupomedios.com\/futbol\/wp-json\/wp\/v2\/types\/post"}],"author":[{"embeddable":true,"href":"http:\/\/desarrollo.grupomedios.com\/futbol\/wp-json\/wp\/v2\/users\/20"}],"replies":[{"embeddable":true,"href":"http:\/\/desarrollo.grupomedios.com\/futbol\/wp-json\/wp\/v2\/comments?post=428472"}],"version-history":[{"count":0,"href":"http:\/\/desarrollo.grupomedios.com\/futbol\/wp-json\/wp\/v2\/posts\/428472\/revisions"}],"wp:attachment":[{"href":"http:\/\/desarrollo.grupomedios.com\/futbol\/wp-json\/wp\/v2\/media?parent=428472"}],"wp:term":[{"taxonomy":"category","embeddable":true,"href":"http:\/\/desarrollo.grupomedios.com\/futbol\/wp-json\/wp\/v2\/categories?post=428472"},{"taxonomy":"post_tag","embeddable":true,"href":"http:\/\/desarrollo.grupomedios.com\/futbol\/wp-json\/wp\/v2\/tags?post=428472"}],"curies":[{"name":"wp","href":"https:\/\/api.w.org\/{rel}","templated":true}]}}