{"id":428485,"date":"2016-09-12T12:12:15","date_gmt":"2016-09-12T17:12:15","guid":{"rendered":"https:\/\/www.futboltotal.com.mx\/?p=428485"},"modified":"2016-09-12T12:12:15","modified_gmt":"2016-09-12T17:12:15","slug":"necaxa-pone-a-temblar-a-la-noria","status":"publish","type":"post","link":"http:\/\/desarrollo.grupomedios.com\/futbol\/destacado-home\/necaxa-pone-a-temblar-a-la-noria\/2016\/09","title":{"rendered":"\u00a1Necaxa pone a temblar a la Noria!"},"content":{"rendered":"<p><a href=\"http:\/\/www.futboltotal.com.mx\/equipos\/necaxa\/\" target=\"_blank\"><strong>Necaxa<\/strong><\/a> obtuvo su <a href=\"https:\/\/www.futboltotal.com.mx\/2016\/09\/resultado-liga-mx-necaxa-2-1-santos\/\" target=\"_blank\">segunda victoria consecutiva en el Apertura 2016<\/a>, por lo que dej\u00f3 el \u00faltimo lugar de la tabla porcentual, situ\u00e1ndose hasta la posici\u00f3n 14 de cocientes, por encima de Puebla, Veracruz, Chiapas y Morelia.<\/p>\n<p>Debido a que <strong>Necaxa<\/strong> promedia menos juegos que el resto de los equipos de la Liga MX, puede bajar y subir pelda\u00f1os de manera radical, dependiendo de sus resultados, pero el sumar representa un ascenso positivo que los aleja notoriamente del riesgo del descenso, y en caso de volver a ganar en la jornada 9, llegar\u00eda a la posici\u00f3n 7 de los cocientes.<\/p>\n<p>Con ello, <strong>Necaxa<\/strong> rebasar\u00eda a siete equipos de la Liga MX, incluidos dos de los grandes: Chivas y <a href=\"http:\/\/www.futboltotal.com.mx\/equipos\/cruz-azul\/\" target=\"_blank\"><strong>Cruz Azul<\/strong><\/a>, quienes, sin importar si ganan el siguiente duelo, no podr\u00e1n evitar que los <em>Rayos<\/em> les den la voltereta en la tabla porcentual; puesto que Guadalajara puede llegar a 1.402, mientras que los <em>hidroc\u00e1lidos<\/em> llegar\u00edan a 1.444.<\/p>\n<p style=\"text-align: center;\"><span style=\"color: #3366ff;\"><a style=\"color: #3366ff;\" href=\"https:\/\/www.futboltotal.com.mx\/2016\/09\/11-ideal-la-jornada-8-apertura-2016\/\" target=\"_blank\"><strong>LEER M\u00c1S: El 11 ideal de la jornada 8<\/strong><\/a><\/span><\/p>\n<p>Adem\u00e1s, en caso de no ganar, <strong>Cruz Azul<\/strong> se quedar\u00eda entre los \u00faltimos cinco lugares de la tabla porcentual, y lo peor, es que la distancia con Puebla, Veracruz y Chiapas, no es muy grande, as\u00ed que cualquiera de estos clubes podr\u00eda meter a la <em>M\u00e1quina<\/em> en un riesgo mayor, ya que s\u00f3lo se distancia de ellos, por tres unidades.<\/p>\n<p>As\u00ed va la tabla de cocientes del <strong>Apertura 2016<\/strong>:<\/p>\n<p><a href=\"https:\/\/www.futboltotal.com.mx\/wp-content\/uploads\/2016\/09\/tabla-porcentual-jornada-8-apertura-2016.jpg\"><img decoding=\"async\" loading=\"lazy\" class=\"alignnone size-full wp-image-428486\" src=\"https:\/\/www.futboltotal.com.mx\/wp-content\/uploads\/2016\/09\/tabla-porcentual-jornada-8-apertura-2016.jpg\" alt=\"tabla-porcentual-jornada-8-apertura-2016\" srcset=\"http:\/\/desarrollo.grupomedios.com\/futbol\/wp-content\/uploads\/2016\/09\/tabla-porcentual-jornada-8-apertura-2016.jpg 858w, http:\/\/desarrollo.grupomedios.com\/futbol\/wp-content\/uploads\/2016\/09\/tabla-porcentual-jornada-8-apertura-2016-300x151.jpg 300w, http:\/\/desarrollo.grupomedios.com\/futbol\/wp-content\/uploads\/2016\/09\/tabla-porcentual-jornada-8-apertura-2016-768x386.jpg 768w, http:\/\/desarrollo.grupomedios.com\/futbol\/wp-content\/uploads\/2016\/09\/tabla-porcentual-jornada-8-apertura-2016-340x171.jpg 340w\" sizes=\"(max-width: 858px) 100vw, 858px\" \/><\/a><\/p>\n","protected":false},"excerpt":{"rendered":"<p>Los Rayos est\u00e1n a nada de rebasar a Cruz Azul en la porcentual<\/p>\n","protected":false},"author":20,"featured_media":428487,"comment_status":"closed","ping_status":"closed","sticky":false,"template":"","format":"standard","meta":[],"categories":[5,2198,3845],"tags":[5962,261],"_links":{"self":[{"href":"http:\/\/desarrollo.grupomedios.com\/futbol\/wp-json\/wp\/v2\/posts\/428485"}],"collection":[{"href":"http:\/\/desarrollo.grupomedios.com\/futbol\/wp-json\/wp\/v2\/posts"}],"about":[{"href":"http:\/\/desarrollo.grupomedios.com\/futbol\/wp-json\/wp\/v2\/types\/post"}],"author":[{"embeddable":true,"href":"http:\/\/desarrollo.grupomedios.com\/futbol\/wp-json\/wp\/v2\/users\/20"}],"replies":[{"embeddable":true,"href":"http:\/\/desarrollo.grupomedios.com\/futbol\/wp-json\/wp\/v2\/comments?post=428485"}],"version-history":[{"count":0,"href":"http:\/\/desarrollo.grupomedios.com\/futbol\/wp-json\/wp\/v2\/posts\/428485\/revisions"}],"wp:featuredmedia":[{"embeddable":true,"href":"http:\/\/desarrollo.grupomedios.com\/futbol\/wp-json\/wp\/v2\/media\/428487"}],"wp:attachment":[{"href":"http:\/\/desarrollo.grupomedios.com\/futbol\/wp-json\/wp\/v2\/media?parent=428485"}],"wp:term":[{"taxonomy":"category","embeddable":true,"href":"http:\/\/desarrollo.grupomedios.com\/futbol\/wp-json\/wp\/v2\/categories?post=428485"},{"taxonomy":"post_tag","embeddable":true,"href":"http:\/\/desarrollo.grupomedios.com\/futbol\/wp-json\/wp\/v2\/tags?post=428485"}],"curies":[{"name":"wp","href":"https:\/\/api.w.org\/{rel}","templated":true}]}}