{"id":428500,"date":"2016-09-12T14:06:04","date_gmt":"2016-09-12T19:06:04","guid":{"rendered":"https:\/\/www.futboltotal.com.mx\/?p=428500"},"modified":"2016-09-12T14:06:04","modified_gmt":"2016-09-12T19:06:04","slug":"manchester-united-indemniza-a-schweinsteiger","status":"publish","type":"post","link":"http:\/\/desarrollo.grupomedios.com\/futbol\/futbol-internacional\/manchester-united-indemniza-a-schweinsteiger\/2016\/09","title":{"rendered":"Manchester United indemniza a Schweinsteiger"},"content":{"rendered":"<p>El <strong>Manchester United<\/strong> dio la sorpresa este lunes y oficializ\u00f3 la salida del mediocampista <strong>Bastian Schweinsteiger<\/strong>, a quien rescindi\u00f3 el contrato y deber\u00e1 pagar una millonaria indemnizaci\u00f3n que ronda los ocho millones de euros.<\/p>\n<p>La directiva del <strong>Manchester United\u00a0<\/strong>decidi\u00f3 terminar de la mejor forma el contrato del internacional alem\u00e1n, despu\u00e9s de que el nuevo entrenador Jos\u00e9 Mourinho lo dejar\u00e1 fuera del nuevo proyecto y afirmar\u00e1 que &#8220;el club vive una nueva etapa en la que solo estar\u00e1n los mejores&#8221;.<\/p>\n<p style=\"text-align: center;\"><a href=\"https:\/\/www.futboltotal.com.mx\/futbol-internacional\/\"><span style=\"color: #3366ff;\"><strong>LEER M\u00c1S: El United pierde el invicto en el derbi de Manchester<\/strong><\/span><\/a><\/p>\n<p>Por ello, el club ha optado por rescindir el contrato que firm\u00f3 el curso pasado despu\u00e9s de haber llegado procedente del Bayern M\u00fanich, a petici\u00f3n expresa del entrenador Louis Van Gaal.<\/p>\n<p>Cabe apuntar que la salida de <strong>Schweinsteiger\u00a0<\/strong>ser\u00e1 un duro golpe a las arcas del club, toda vez que este tendr\u00e1 que pagar una cifra cercana a los ocho millones de euros por un jugador que solo jug\u00f3 31 partidos. Eso sin contar que por le traspaso de <em>Basti <\/em>el club pag\u00f3 nueve millones de euros.\u00a0<em>\u00a0<\/em><\/p>\n<p>Con 32 a\u00f1os, el mediocampista alem\u00e1n aun no define si volver\u00e1 a jugar esta campa\u00f1a. Al margen de que antes de su salida del United afirm\u00f3 que no volver\u00eda a jugar en Europa, la prensa en Francia apunta que podr\u00eda recalar en el Olympique de Marsella.<\/p>\n","protected":false},"excerpt":{"rendered":"<p>Los Red Devils pagar\u00e1n millonaria cifra al internacional alem\u00e1n<\/p>\n","protected":false},"author":20,"featured_media":428502,"comment_status":"closed","ping_status":"closed","sticky":false,"template":"","format":"standard","meta":[],"categories":[3841,3839,5951],"tags":[5746,43],"_links":{"self":[{"href":"http:\/\/desarrollo.grupomedios.com\/futbol\/wp-json\/wp\/v2\/posts\/428500"}],"collection":[{"href":"http:\/\/desarrollo.grupomedios.com\/futbol\/wp-json\/wp\/v2\/posts"}],"about":[{"href":"http:\/\/desarrollo.grupomedios.com\/futbol\/wp-json\/wp\/v2\/types\/post"}],"author":[{"embeddable":true,"href":"http:\/\/desarrollo.grupomedios.com\/futbol\/wp-json\/wp\/v2\/users\/20"}],"replies":[{"embeddable":true,"href":"http:\/\/desarrollo.grupomedios.com\/futbol\/wp-json\/wp\/v2\/comments?post=428500"}],"version-history":[{"count":0,"href":"http:\/\/desarrollo.grupomedios.com\/futbol\/wp-json\/wp\/v2\/posts\/428500\/revisions"}],"wp:featuredmedia":[{"embeddable":true,"href":"http:\/\/desarrollo.grupomedios.com\/futbol\/wp-json\/wp\/v2\/media\/428502"}],"wp:attachment":[{"href":"http:\/\/desarrollo.grupomedios.com\/futbol\/wp-json\/wp\/v2\/media?parent=428500"}],"wp:term":[{"taxonomy":"category","embeddable":true,"href":"http:\/\/desarrollo.grupomedios.com\/futbol\/wp-json\/wp\/v2\/categories?post=428500"},{"taxonomy":"post_tag","embeddable":true,"href":"http:\/\/desarrollo.grupomedios.com\/futbol\/wp-json\/wp\/v2\/tags?post=428500"}],"curies":[{"name":"wp","href":"https:\/\/api.w.org\/{rel}","templated":true}]}}