{"id":428505,"date":"2016-09-12T17:15:23","date_gmt":"2016-09-12T22:15:23","guid":{"rendered":"https:\/\/www.futboltotal.com.mx\/?p=428505"},"modified":"2016-09-12T18:07:30","modified_gmt":"2016-09-12T23:07:30","slug":"una-estupidez-lo-que-le-paso-a-cruz-azul","status":"publish","type":"post","link":"http:\/\/desarrollo.grupomedios.com\/futbol\/futbol-mexicano\/una-estupidez-lo-que-le-paso-a-cruz-azul\/2016\/09","title":{"rendered":"Una estupidez lo que le pas\u00f3 a Cruz Azul: Reinoso"},"content":{"rendered":"<p lang=\"es-MX\">Para Carlos Reinoso, \u00edcono del americanismo, la derrota de la <em>M\u00e1quina Celeste<\/em> del <a href=\"https:\/\/www.futboltotal.com.mx\/equipos\/cruz-azul\/\"><span style=\"color: #3366ff;\">Cruz Azul<\/span> <\/a>por 4-3 ante las <em>\u00c1guilas<\/em> del <a href=\"https:\/\/www.futboltotal.com.mx\/equipos\/america\/\"><span style=\"color: #3366ff;\">Am\u00e9rica<\/span><\/a> es algo inconcebible en un equipo de primera divisi\u00f3n: \u201cEs una estupidez que te empaten y te den la voltereta de esa forma, eso es algo que no te puede pasar en el futbol profesional\u201d.<\/p>\n<p lang=\"es-MX\"><a href=\"https:\/\/www.futboltotal.com.mx\/wp-content\/uploads\/2016\/09\/Frase-Reinoso.jpg\"><img decoding=\"async\" loading=\"lazy\" class=\"alignnone size-full wp-image-428533\" src=\"https:\/\/www.futboltotal.com.mx\/wp-content\/uploads\/2016\/09\/Frase-Reinoso.jpg\" alt=\"frase-reinoso\" srcset=\"http:\/\/desarrollo.grupomedios.com\/futbol\/wp-content\/uploads\/2016\/09\/Frase-Reinoso.jpg 858w, http:\/\/desarrollo.grupomedios.com\/futbol\/wp-content\/uploads\/2016\/09\/Frase-Reinoso-300x251.jpg 300w, http:\/\/desarrollo.grupomedios.com\/futbol\/wp-content\/uploads\/2016\/09\/Frase-Reinoso-768x644.jpg 768w\" sizes=\"(max-width: 858px) 100vw, 858px\" \/><\/a><\/p>\n<p lang=\"es-MX\" style=\"text-align: center;\"><strong><a href=\"https:\/\/www.futboltotal.com.mx\/2016\/09\/grandes-remontadas-del-america\/\"><span style=\"color: #3366ff;\">LEER M\u00c1S: Grandes remontadas del Am\u00e9rica<\/span><\/a><\/strong><\/p>\n<p lang=\"es-MX\">El <em>Maestro<\/em> hace referencia al juego del pasado s\u00e1bado correspondiente a la jornada ocho de la Liga MX en el cual Cruz Azul ten\u00eda una ventaja de 3-0 sobre las \u00c1guilas, pero luego del minuto 51, tras la expulsi\u00f3n de Aldo Leao Ram\u00edrez por tirarle una plancha por detr\u00e1s a Javier G\u00fcemez, el marcador cambi\u00f3 dr\u00e1sticamente: \u201cNo te puedes espantar por quedarte con 10 jugadores con una ventaja de tres goles\u201d, a\u00f1adi\u00f3.<\/p>\n<p lang=\"es-MX\"><a href=\"https:\/\/www.futboltotal.com.mx\/wp-content\/uploads\/2016\/09\/Frase_carlos-reinoso.jpg\"><img decoding=\"async\" loading=\"lazy\" class=\"alignnone size-full wp-image-428536\" src=\"https:\/\/www.futboltotal.com.mx\/wp-content\/uploads\/2016\/09\/Frase_carlos-reinoso.jpg\" alt=\"frase_carlos-reinoso\" srcset=\"http:\/\/desarrollo.grupomedios.com\/futbol\/wp-content\/uploads\/2016\/09\/Frase_carlos-reinoso.jpg 858w, http:\/\/desarrollo.grupomedios.com\/futbol\/wp-content\/uploads\/2016\/09\/Frase_carlos-reinoso-300x251.jpg 300w, http:\/\/desarrollo.grupomedios.com\/futbol\/wp-content\/uploads\/2016\/09\/Frase_carlos-reinoso-768x644.jpg 768w\" sizes=\"(max-width: 858px) 100vw, 858px\" \/><\/a><\/p>\n<p lang=\"es-MX\">Para el t\u00e9cnico chileno, hablando en segunda persona y sin mencionar nombres, concluy\u00f3: \u201cTienes que tener previsto todos los escenarios posibles que se te puedan presentar en un partido de futbol\u201d.<\/p>\n<p lang=\"es-MX\" style=\"text-align: center;\"><strong><a href=\"https:\/\/www.futboltotal.com.mx\/2016\/09\/alejandro-villalvazo-explota-contra-cruz-azul\/\">LEER M\u00c1S: <\/a><a href=\"https:\/\/www.futboltotal.com.mx\/2016\/09\/alejandro-villalvazo-explota-contra-cruz-azul\/\"><span style=\"color: #3366ff;\">Alejandro Villalvazo explota contra el Cruz Azul<\/span><\/a><\/strong><\/p>\n<p lang=\"es-MX\" style=\"text-align: left;\">La carrera de Reinoso\u00a0como Director T\u00e9cnico se ha forjado\u00a0en equipos como Tampico Madero, Atlas, Toros Neza, Le\u00f3n, Atlante, Tecos de la UAG, San Luis, Quer\u00e9taro, Am\u00e9rica, y Veracruz. Con este \u00faltimo calific\u00f3 a dos liguillas y se coron\u00f3 en la \u00faltima Copa MX.<\/p>\n<p lang=\"es-MX\" style=\"text-align: left;\"><strong>El Maestro no comandar\u00e1 al Jaguar\u00a0<\/strong><\/p>\n<p lang=\"es-MX\" style=\"text-align: left;\">Especulaciones situaban a Carlos Reinoso como posible timonel de los Jaguares de Chiapas como una opci\u00f3n para suplir a Jos\u00e9 Cardozo. Sin embargo, el t\u00e9cnico desminti\u00f3 tales rumores y finalmente fue Sergio Bueno el elegido para comandar al equipo chiapaneco.<\/p>\n","protected":false},"excerpt":{"rendered":"<p>El chileno es considerado la m\u00e1xima figura hist\u00f3rica del americanismo<\/p>\n","protected":false},"author":127,"featured_media":428515,"comment_status":"closed","ping_status":"closed","sticky":false,"template":"","format":"standard","meta":[],"categories":[2198,3845,5950],"tags":[5959,4538,5962],"_links":{"self":[{"href":"http:\/\/desarrollo.grupomedios.com\/futbol\/wp-json\/wp\/v2\/posts\/428505"}],"collection":[{"href":"http:\/\/desarrollo.grupomedios.com\/futbol\/wp-json\/wp\/v2\/posts"}],"about":[{"href":"http:\/\/desarrollo.grupomedios.com\/futbol\/wp-json\/wp\/v2\/types\/post"}],"author":[{"embeddable":true,"href":"http:\/\/desarrollo.grupomedios.com\/futbol\/wp-json\/wp\/v2\/users\/127"}],"replies":[{"embeddable":true,"href":"http:\/\/desarrollo.grupomedios.com\/futbol\/wp-json\/wp\/v2\/comments?post=428505"}],"version-history":[{"count":0,"href":"http:\/\/desarrollo.grupomedios.com\/futbol\/wp-json\/wp\/v2\/posts\/428505\/revisions"}],"wp:featuredmedia":[{"embeddable":true,"href":"http:\/\/desarrollo.grupomedios.com\/futbol\/wp-json\/wp\/v2\/media\/428515"}],"wp:attachment":[{"href":"http:\/\/desarrollo.grupomedios.com\/futbol\/wp-json\/wp\/v2\/media?parent=428505"}],"wp:term":[{"taxonomy":"category","embeddable":true,"href":"http:\/\/desarrollo.grupomedios.com\/futbol\/wp-json\/wp\/v2\/categories?post=428505"},{"taxonomy":"post_tag","embeddable":true,"href":"http:\/\/desarrollo.grupomedios.com\/futbol\/wp-json\/wp\/v2\/tags?post=428505"}],"curies":[{"name":"wp","href":"https:\/\/api.w.org\/{rel}","templated":true}]}}