{"id":428511,"date":"2016-09-12T15:52:25","date_gmt":"2016-09-12T20:52:25","guid":{"rendered":"https:\/\/www.futboltotal.com.mx\/?p=428511"},"modified":"2016-09-12T15:52:25","modified_gmt":"2016-09-12T20:52:25","slug":"paolo-medina-inhabilitado-del-real-madrid","status":"publish","type":"post","link":"http:\/\/desarrollo.grupomedios.com\/futbol\/futbol-internacional\/paolo-medina-inhabilitado-del-real-madrid\/2016\/09","title":{"rendered":"Paolo Medina, \u00bfinhabilitado del Real Madrid?"},"content":{"rendered":"<p>Ante la sanci\u00f3n que la FIFA impuso al <strong>Real Madrid,<\/strong> de no poder fichar a futbolistas hasta el verano de 2018, la instituci\u00f3n blanca tendr\u00eda que inhabilitar a varios de sus canteranos de procedencia extranjera, entre ellos, el mexicano, <strong>Paolo Medina<\/strong>.<\/p>\n<p><strong>Paolo Medina<\/strong> <a href=\"https:\/\/www.futboltotal.com.mx\/2016\/09\/mexicano-capitan-en-real-madrid\/\" target=\"_blank\">es capit\u00e1n del Juvenil B del <strong>Real Madrid<\/strong><\/a>, pero de acuerdo a <strong>ESPN<\/strong>, tendr\u00eda que detener su carrera de manera temporal, en lo que espera a cumplir la mayor\u00eda de edad, lo cual implica que el mexicano detenga su actividad con los merengues, hasta el verano de 2017.<\/p>\n<p>La otra opci\u00f3n de <strong>Paolo Medina<\/strong>, es que el TAS resuelva a favor del <strong>Real Madrid<\/strong>, y le permita mantener a los for\u00e1neos que fich\u00f3 entre 2005 y 2014. El reglamento de la FIFA se\u00f1ala que, para que un for\u00e1neo menor de edad, pueda ser registrado con un club, debe ser debido a un cambio de domicilio de los padres, ocasionado por situaciones ajenas al futbol, y que el futbolista, haya cumplido 16 a\u00f1os cuando eso pas\u00f3; adem\u00e1s, el club debe garantizar la formaci\u00f3n acad\u00e9mica del jugador.<\/p>\n<p style=\"text-align: center;\"><span style=\"color: #3366ff;\"><a style=\"color: #3366ff;\" href=\"https:\/\/www.futboltotal.com.mx\/2016\/09\/real-madrid-y-atletico-no-podran-fichar\/\" target=\"_blank\"><strong>LEER M\u00c1S: La sanci\u00f3n a los equipos de Madrid<\/strong><\/a><\/span><\/p>\n<p><a href=\"https:\/\/www.futboltotal.com.mx\/wp-content\/uploads\/2016\/09\/paolo-medina-espn.jpg\"><img decoding=\"async\" loading=\"lazy\" class=\"size-full wp-image-428512 aligncenter\" src=\"https:\/\/www.futboltotal.com.mx\/wp-content\/uploads\/2016\/09\/paolo-medina-espn.jpg\" alt=\"paolo-medina-espn\" srcset=\"http:\/\/desarrollo.grupomedios.com\/futbol\/wp-content\/uploads\/2016\/09\/paolo-medina-espn.jpg 858w, http:\/\/desarrollo.grupomedios.com\/futbol\/wp-content\/uploads\/2016\/09\/paolo-medina-espn-300x151.jpg 300w, http:\/\/desarrollo.grupomedios.com\/futbol\/wp-content\/uploads\/2016\/09\/paolo-medina-espn-768x386.jpg 768w, http:\/\/desarrollo.grupomedios.com\/futbol\/wp-content\/uploads\/2016\/09\/paolo-medina-espn-340x171.jpg 340w\" sizes=\"(max-width: 858px) 100vw, 858px\" \/><\/a><\/p>\n<p>As\u00ed que la sanci\u00f3n de la FIFA al <strong>Real Madrid<\/strong>, ha provocado que <strong>Paolo Medina<\/strong> tenga horas de alta tensi\u00f3n dentro de la Casa Blanca, pues su sue\u00f1o europeo estar\u00eda colapsando, prematuramente.<\/p>\n","protected":false},"excerpt":{"rendered":"<p>El zaguero mexicano podr\u00eda detener su carrera por la sanci\u00f3n a los merengues<\/p>\n","protected":false},"author":20,"featured_media":428513,"comment_status":"closed","ping_status":"closed","sticky":false,"template":"","format":"standard","meta":[],"categories":[3839,3844,6718,5951],"tags":[7419,5988],"_links":{"self":[{"href":"http:\/\/desarrollo.grupomedios.com\/futbol\/wp-json\/wp\/v2\/posts\/428511"}],"collection":[{"href":"http:\/\/desarrollo.grupomedios.com\/futbol\/wp-json\/wp\/v2\/posts"}],"about":[{"href":"http:\/\/desarrollo.grupomedios.com\/futbol\/wp-json\/wp\/v2\/types\/post"}],"author":[{"embeddable":true,"href":"http:\/\/desarrollo.grupomedios.com\/futbol\/wp-json\/wp\/v2\/users\/20"}],"replies":[{"embeddable":true,"href":"http:\/\/desarrollo.grupomedios.com\/futbol\/wp-json\/wp\/v2\/comments?post=428511"}],"version-history":[{"count":0,"href":"http:\/\/desarrollo.grupomedios.com\/futbol\/wp-json\/wp\/v2\/posts\/428511\/revisions"}],"wp:featuredmedia":[{"embeddable":true,"href":"http:\/\/desarrollo.grupomedios.com\/futbol\/wp-json\/wp\/v2\/media\/428513"}],"wp:attachment":[{"href":"http:\/\/desarrollo.grupomedios.com\/futbol\/wp-json\/wp\/v2\/media?parent=428511"}],"wp:term":[{"taxonomy":"category","embeddable":true,"href":"http:\/\/desarrollo.grupomedios.com\/futbol\/wp-json\/wp\/v2\/categories?post=428511"},{"taxonomy":"post_tag","embeddable":true,"href":"http:\/\/desarrollo.grupomedios.com\/futbol\/wp-json\/wp\/v2\/tags?post=428511"}],"curies":[{"name":"wp","href":"https:\/\/api.w.org\/{rel}","templated":true}]}}