{"id":428526,"date":"2016-09-12T17:05:37","date_gmt":"2016-09-12T22:05:37","guid":{"rendered":"https:\/\/www.futboltotal.com.mx\/?p=428526"},"modified":"2016-09-12T17:05:37","modified_gmt":"2016-09-12T22:05:37","slug":"gignac-nunca-olvidara-que-fallo-el-gol-del-titulo-en-la-final","status":"publish","type":"post","link":"http:\/\/desarrollo.grupomedios.com\/futbol\/uncategorized\/gignac-nunca-olvidara-que-fallo-el-gol-del-titulo-en-la-final\/2016\/09","title":{"rendered":"Falla de la Euro dej\u00f3 secuelas a Gignac"},"content":{"rendered":"<p>Hay instantes en el campo de juego que no se olvidan, que marcan de por vida la carrera de un futbolista, de un equipo o de una naci\u00f3n. El que vivi\u00f3 el delantero franc\u00e9s de Tigres, <strong>Andr\u00e9 Pierre Gignac<\/strong>, la tarde del domingo 10 de julio en el Stade de France, cuando disput\u00f3 la final de la Eurocopa 2016 contra Portugal es uno de ellos.<\/p>\n<p>A poco m\u00e1s de dos meses de aquel duelo,<strong> Gignac <\/strong>admiti\u00f3 que aquella jugada surgida al borde de la pr\u00f3rroga, en la que estrell\u00f3 el esf\u00e9rico en el palo izquierdo \u00a0y que pudo proclamar a Francia campe\u00f3n de la justa jam\u00e1s la olvidar\u00e1.<\/p>\n<p style=\"text-align: center;\"><a href=\"https:\/\/www.futboltotal.com.mx\/futbol-internacional\/\"><span style=\"color: #3366ff;\"><strong>LEER M\u00c1S: Todas las noticias de futbol internacional<\/strong><\/span><\/a><\/p>\n<blockquote class=\"twitter-tweet\" data-lang=\"es\">\n<p dir=\"ltr\" lang=\"fr\"><a href=\"https:\/\/twitter.com\/hashtag\/Telefoot?src=hash\">#Telefoot<\/a><br \/>\nGignac : &#8220;La premi\u00e8re semaine a \u00e9t\u00e9 tr\u00e8s dure. Ca va me hanter toute ma carri\u00e8re.&#8221; <a href=\"https:\/\/t.co\/TPUCiQG4Jh\">pic.twitter.com\/TPUCiQG4Jh<\/a><\/p>\n<p>\u2014 T\u00e9l\u00e9foot (@telefoot_TF1) <a href=\"https:\/\/twitter.com\/telefoot_TF1\/status\/774907341749817344\">11 de septiembre de 2016<\/a><\/p><\/blockquote>\n<p><script async src=\"\/\/platform.twitter.com\/widgets.js\" charset=\"utf-8\"><\/script><\/p>\n<p>&#8220;Siempre la recordar\u00e9. La primera semana fue muy dura y creo que es algo que me perseguir\u00e1 el resto de mi carrera&#8221;, admiti\u00f3 el atacante en una entrevista para <em>Telefoot.\u00a0<\/em>Las tres primeras noches tuve pesadillas. Pens\u00e9 que ganabamos la Euro&#8221;, agreg\u00f3.<\/p>\n","protected":false},"excerpt":{"rendered":"<p>As\u00ed habl\u00f3 el delantero franc\u00e9s dos meses despu\u00e9s de la Euro 2016<\/p>\n","protected":false},"author":20,"featured_media":428528,"comment_status":"closed","ping_status":"closed","sticky":false,"template":"","format":"standard","meta":[],"categories":[1],"tags":[5564,6152,5973],"_links":{"self":[{"href":"http:\/\/desarrollo.grupomedios.com\/futbol\/wp-json\/wp\/v2\/posts\/428526"}],"collection":[{"href":"http:\/\/desarrollo.grupomedios.com\/futbol\/wp-json\/wp\/v2\/posts"}],"about":[{"href":"http:\/\/desarrollo.grupomedios.com\/futbol\/wp-json\/wp\/v2\/types\/post"}],"author":[{"embeddable":true,"href":"http:\/\/desarrollo.grupomedios.com\/futbol\/wp-json\/wp\/v2\/users\/20"}],"replies":[{"embeddable":true,"href":"http:\/\/desarrollo.grupomedios.com\/futbol\/wp-json\/wp\/v2\/comments?post=428526"}],"version-history":[{"count":0,"href":"http:\/\/desarrollo.grupomedios.com\/futbol\/wp-json\/wp\/v2\/posts\/428526\/revisions"}],"wp:featuredmedia":[{"embeddable":true,"href":"http:\/\/desarrollo.grupomedios.com\/futbol\/wp-json\/wp\/v2\/media\/428528"}],"wp:attachment":[{"href":"http:\/\/desarrollo.grupomedios.com\/futbol\/wp-json\/wp\/v2\/media?parent=428526"}],"wp:term":[{"taxonomy":"category","embeddable":true,"href":"http:\/\/desarrollo.grupomedios.com\/futbol\/wp-json\/wp\/v2\/categories?post=428526"},{"taxonomy":"post_tag","embeddable":true,"href":"http:\/\/desarrollo.grupomedios.com\/futbol\/wp-json\/wp\/v2\/tags?post=428526"}],"curies":[{"name":"wp","href":"https:\/\/api.w.org\/{rel}","templated":true}]}}