{"id":428573,"date":"2016-09-13T10:33:27","date_gmt":"2016-09-13T15:33:27","guid":{"rendered":"https:\/\/www.futboltotal.com.mx\/?p=428573"},"modified":"2016-09-13T10:35:27","modified_gmt":"2016-09-13T15:35:27","slug":"clubes-que-se-reforzaron-para-ganar-la-champions","status":"publish","type":"post","link":"http:\/\/desarrollo.grupomedios.com\/futbol\/destacado-home\/clubes-que-se-reforzaron-para-ganar-la-champions\/2016\/09","title":{"rendered":"Clubes que se reforzaron para ganar la Champions"},"content":{"rendered":"<p>Con la mirada clavada en Cardiff, sede la final de la <strong>Champions League 2016-17<\/strong>, comienza la traves\u00eda para los 32 clubes participantes en la Fase de Grupos. Entre ellos destacan cinco equipos que realizaron una fuerte inversi\u00f3n en el mercado para fichar a los mejores jugadores, en el af\u00e1n de ganar la <em>Orejona<\/em> y desbancar del trono al vigente campe\u00f3n Real Madrid.<\/p>\n<p style=\"text-align: center;\"><a href=\"https:\/\/www.futboltotal.com.mx\/2016\/09\/equipos-oscuro-panorama-en-champions\/\"><span style=\"color: #3366ff;\"><strong>LEER M\u00c1S: Leicester y Rostov, dos debutantes contra la historia<\/strong><\/span><\/a><\/p>\n<p>Con un equipo poderoso al que Josep Guardiola no consigui\u00f3 llevar a la final de Champions League, el Bayern M\u00fanich arranc\u00f3 nueva era bajo el mando de Carlo Ancelotti, quien solo pidi\u00f3 el fichaje de dos jugadores:\u00a0el central Mats Hummels, procedente del Borussia Dortmund, y del portugu\u00e9s Renato Sanches, una de las perlas del\u00a0<span class=\"classCadenaBusqueda\">f\u00fatbol<\/span>\u00a0luso que explot\u00f3 en la pasada Eurocopa. \u00bfLes alcanzar\u00e1 para llegar hasta la anhelada final?.<\/p>\n<p><a href=\"https:\/\/www.futboltotal.com.mx\/wp-content\/uploads\/2016\/09\/Bayern-Munich.jpg\"><img decoding=\"async\" loading=\"lazy\" class=\"alignnone size-full wp-image-428599\" src=\"https:\/\/www.futboltotal.com.mx\/wp-content\/uploads\/2016\/09\/Bayern-Munich.jpg\" alt=\"bayern-munich\" srcset=\"http:\/\/desarrollo.grupomedios.com\/futbol\/wp-content\/uploads\/2016\/09\/Bayern-Munich.jpg 858w, http:\/\/desarrollo.grupomedios.com\/futbol\/wp-content\/uploads\/2016\/09\/Bayern-Munich-300x151.jpg 300w, http:\/\/desarrollo.grupomedios.com\/futbol\/wp-content\/uploads\/2016\/09\/Bayern-Munich-768x386.jpg 768w, http:\/\/desarrollo.grupomedios.com\/futbol\/wp-content\/uploads\/2016\/09\/Bayern-Munich-340x171.jpg 340w\" sizes=\"(max-width: 858px) 100vw, 858px\" \/><\/a>Dos subcampeonatos en las tres \u00faltimas Champions League. La <em>Orejona<\/em>\u00a0ya tiene tinte de obsesi\u00f3n para el \u00a0Atl\u00e9tico de Madrid. Por ello, los <em>Colchoneros<\/em>\u00a0ficharon cuatro jugadores en el verano y a tres de ellos los registraron para esta primera fase. Retocaron la artiller\u00eda con el franc\u00e9s\u00a0Kevin Gameiro, procedente del Sevilla y el argentino Nico Gait\u00e1n, ex del Benfica, mientras en la parte defensiva apostaron por el defensa croata Sime Vrsaljko. El complicado grupo con los dos campeones de liga Bayern M\u00fanich y PSV y el debutante Rostov les espera.<\/p>\n<p><a href=\"https:\/\/www.futboltotal.com.mx\/wp-content\/uploads\/2016\/09\/Atletico-de-Madrid.jpg\"><img decoding=\"async\" loading=\"lazy\" class=\"alignnone size-full wp-image-428588\" src=\"https:\/\/www.futboltotal.com.mx\/wp-content\/uploads\/2016\/09\/Atletico-de-Madrid.jpg\" alt=\"atletico-de-madrid\" srcset=\"http:\/\/desarrollo.grupomedios.com\/futbol\/wp-content\/uploads\/2016\/09\/Atletico-de-Madrid.jpg 858w, http:\/\/desarrollo.grupomedios.com\/futbol\/wp-content\/uploads\/2016\/09\/Atletico-de-Madrid-300x151.jpg 300w, http:\/\/desarrollo.grupomedios.com\/futbol\/wp-content\/uploads\/2016\/09\/Atletico-de-Madrid-768x386.jpg 768w, http:\/\/desarrollo.grupomedios.com\/futbol\/wp-content\/uploads\/2016\/09\/Atletico-de-Madrid-340x171.jpg 340w\" sizes=\"(max-width: 858px) 100vw, 858px\" \/><\/a><\/p>\n<p>El <strong>Barcelona<\/strong>, que est\u00e1 en el mismo grupo que el Manchester City, ha apuntalado su plantel. Su adquisici\u00f3n m\u00e1s llamativa, a \u00faltima hora, fue la del delantero Paco Alc\u00e1cer, del Valencia. Se une el atacante a los franceses Samuel Umtiti y Lucas Digne, al portugu\u00e9s Andre Gomes, al volante Denis Su\u00e1rez o al meta holand\u00e9s Jasper Cillessen. En suma, una banca con jugadores clave al servicio del entrenador Luis Enrique.<\/p>\n<p><a href=\"https:\/\/www.futboltotal.com.mx\/wp-content\/uploads\/2016\/09\/Barcelona.jpg\"><img decoding=\"async\" loading=\"lazy\" class=\"alignnone size-full wp-image-428579\" src=\"https:\/\/www.futboltotal.com.mx\/wp-content\/uploads\/2016\/09\/Barcelona.jpg\" alt=\"barcelona\" srcset=\"http:\/\/desarrollo.grupomedios.com\/futbol\/wp-content\/uploads\/2016\/09\/Barcelona.jpg 858w, http:\/\/desarrollo.grupomedios.com\/futbol\/wp-content\/uploads\/2016\/09\/Barcelona-300x151.jpg 300w, http:\/\/desarrollo.grupomedios.com\/futbol\/wp-content\/uploads\/2016\/09\/Barcelona-768x386.jpg 768w, http:\/\/desarrollo.grupomedios.com\/futbol\/wp-content\/uploads\/2016\/09\/Barcelona-340x171.jpg 340w\" sizes=\"(max-width: 858px) 100vw, 858px\" \/><\/a><\/p>\n<p><strong>Juventus<\/strong> se arm\u00f3 hasta los dientes tras perder a Pogba a cambio de 120 millones de euros. M\u00e1s de 90 de ellos los emple\u00f3 en adquirir a Higua\u00edn, delantero del N\u00e1poles y que tuvo un excelente rendimiento goleador en el pasado curso. \u00a0El <em>Pipa<\/em> lidera la relaci\u00f3n de refuerzos del campe\u00f3n de Italia, que pretende hacerse fuerte en Europa con el DT Massimiliano Allegri, que ya disputo la final en 2014 ante Barcelona.<\/p>\n<p>Hubo retoque en cada linea y tendr\u00e1 la aportaci\u00f3n del brasile\u00f1o Dani Alves, que dej\u00f3 el Barcelona, del bosnio Miralem Pjanic, del Roma, adem\u00e1s del joven croata Marko Pjaca, del D\u00ednamo Zagreb o del franc\u00e9s nacionalizado marroqu\u00ed Medhi Benatia, cedido por el Bayern.<a href=\"https:\/\/www.futboltotal.com.mx\/wp-content\/uploads\/2016\/09\/Juventus.jpg\"><img decoding=\"async\" loading=\"lazy\" class=\"alignnone size-full wp-image-428584\" src=\"https:\/\/www.futboltotal.com.mx\/wp-content\/uploads\/2016\/09\/Juventus.jpg\" alt=\"juventus\" srcset=\"http:\/\/desarrollo.grupomedios.com\/futbol\/wp-content\/uploads\/2016\/09\/Juventus.jpg 858w, http:\/\/desarrollo.grupomedios.com\/futbol\/wp-content\/uploads\/2016\/09\/Juventus-300x151.jpg 300w, http:\/\/desarrollo.grupomedios.com\/futbol\/wp-content\/uploads\/2016\/09\/Juventus-768x386.jpg 768w, http:\/\/desarrollo.grupomedios.com\/futbol\/wp-content\/uploads\/2016\/09\/Juventus-340x171.jpg 340w\" sizes=\"(max-width: 858px) 100vw, 858px\" \/><\/a><\/p>\n<p>El que promete, y mucho, es el Manchester City de <em>Pep<\/em> Guardiola. Revitalizado de todo a todo y con un nuevo proyecto para explotar definitivamente en Europa. Mucho tiene que ver en ello el meta Claudio Bravo, una petici\u00f3n del preparador espa\u00f1ol, que dej\u00f3 fuera de sus planes a Joe Hart, un cl\u00e1sico en el Etihad y un referente para la afici\u00f3n.<\/p>\n<p>Para que la afici\u00f3n no extra\u00f1e a Yaya Tour\u00e9, los <em>Citizens\u00a0<\/em>han\u00a0confiado en el turco Ilkay G\u00fcndogan, al que han contratado del Borussia Dortmund y ha sido el destino, tambi\u00e9n, del espa\u00f1ol Nolito, una de las sensaciones del pasado curso en Espa\u00f1a. El alem\u00e1n Leroy San\u00e9, que jug\u00f3 en el Schalke o el defensa ingl\u00e9s John Stones, que lleg\u00f3 del Everton, son otros de los reclamos.<\/p>\n<p>Cabe apuntar que para esta fase no inscribieron al prometedor Gabriel Jesus, cedido seis meses en Brasil, pero podr\u00e1n disponer de \u00e9l si es que acceden a la ronda de los Octavos de Final.\u00a0<a href=\"https:\/\/www.futboltotal.com.mx\/wp-content\/uploads\/2016\/09\/Manchester-City-.jpg\"><img decoding=\"async\" loading=\"lazy\" class=\"alignnone size-full wp-image-428595\" src=\"https:\/\/www.futboltotal.com.mx\/wp-content\/uploads\/2016\/09\/Manchester-City-.jpg\" alt=\"manchester-city\" srcset=\"http:\/\/desarrollo.grupomedios.com\/futbol\/wp-content\/uploads\/2016\/09\/Manchester-City-.jpg 858w, http:\/\/desarrollo.grupomedios.com\/futbol\/wp-content\/uploads\/2016\/09\/Manchester-City--300x151.jpg 300w, http:\/\/desarrollo.grupomedios.com\/futbol\/wp-content\/uploads\/2016\/09\/Manchester-City--768x386.jpg 768w, http:\/\/desarrollo.grupomedios.com\/futbol\/wp-content\/uploads\/2016\/09\/Manchester-City--340x171.jpg 340w\" sizes=\"(max-width: 858px) 100vw, 858px\" \/><\/a><\/p>\n","protected":false},"excerpt":{"rendered":"<p>Cinco clubes con fichajes estelares prometen ir a la caza del Real Madrid <\/p>\n","protected":false},"author":20,"featured_media":428606,"comment_status":"closed","ping_status":"closed","sticky":false,"template":"","format":"standard","meta":[],"categories":[5,3839],"tags":[2047,5984,2056,36,5999,5993,5988],"_links":{"self":[{"href":"http:\/\/desarrollo.grupomedios.com\/futbol\/wp-json\/wp\/v2\/posts\/428573"}],"collection":[{"href":"http:\/\/desarrollo.grupomedios.com\/futbol\/wp-json\/wp\/v2\/posts"}],"about":[{"href":"http:\/\/desarrollo.grupomedios.com\/futbol\/wp-json\/wp\/v2\/types\/post"}],"author":[{"embeddable":true,"href":"http:\/\/desarrollo.grupomedios.com\/futbol\/wp-json\/wp\/v2\/users\/20"}],"replies":[{"embeddable":true,"href":"http:\/\/desarrollo.grupomedios.com\/futbol\/wp-json\/wp\/v2\/comments?post=428573"}],"version-history":[{"count":0,"href":"http:\/\/desarrollo.grupomedios.com\/futbol\/wp-json\/wp\/v2\/posts\/428573\/revisions"}],"wp:featuredmedia":[{"embeddable":true,"href":"http:\/\/desarrollo.grupomedios.com\/futbol\/wp-json\/wp\/v2\/media\/428606"}],"wp:attachment":[{"href":"http:\/\/desarrollo.grupomedios.com\/futbol\/wp-json\/wp\/v2\/media?parent=428573"}],"wp:term":[{"taxonomy":"category","embeddable":true,"href":"http:\/\/desarrollo.grupomedios.com\/futbol\/wp-json\/wp\/v2\/categories?post=428573"},{"taxonomy":"post_tag","embeddable":true,"href":"http:\/\/desarrollo.grupomedios.com\/futbol\/wp-json\/wp\/v2\/tags?post=428573"}],"curies":[{"name":"wp","href":"https:\/\/api.w.org\/{rel}","templated":true}]}}