{"id":428577,"date":"2016-09-13T09:06:59","date_gmt":"2016-09-13T14:06:59","guid":{"rendered":"https:\/\/www.futboltotal.com.mx\/?p=428577"},"modified":"2016-09-13T09:06:59","modified_gmt":"2016-09-13T14:06:59","slug":"marcelo-defiende-a-cristiano-xavi","status":"publish","type":"post","link":"http:\/\/desarrollo.grupomedios.com\/futbol\/futbol-internacional\/marcelo-defiende-a-cristiano-xavi\/2016\/09","title":{"rendered":"Marcelo defiende a Cristiano de Xavi"},"content":{"rendered":"<p><strong><span class=\"classCadenaBusqueda\">Marcelo<\/span><\/strong>, lateral internacional brasile\u00f1o del Real Madrid, respondi\u00f3 las <a href=\"https:\/\/www.futboltotal.com.mx\/2016\/09\/xavi-pide-comparar-a-cristiano-messi\/\" target=\"_blank\">declaraciones de Xavi Hern\u00e1ndez<\/a> que dijo que para los amantes del f\u00fatbol Leo Messi es el mejor y solo para un madridista puede ser diferente, defendiendo al portugu\u00e9s como &#8220;el mejor del mundo&#8221;.<\/p>\n<p>&#8220;Siempre la gente quiere hablar de <strong>Cristiano<\/strong> pero yo le veo trabajar todos los d\u00edas, para m\u00ed y para mucha gente es el mejor del mundo&#8221;, respondi\u00f3 <strong><span class=\"classCadenaBusqueda\">Marcelo<\/span><\/strong> preguntado por la frase de Xavi.<\/p>\n<blockquote class=\"twitter-tweet\" data-lang=\"es\">\n<p dir=\"ltr\" lang=\"es\"><a href=\"https:\/\/twitter.com\/hashtag\/RMUCL?src=hash\">#RMUCL<\/a> <a href=\"https:\/\/twitter.com\/MarceloM12\">@MarceloM12<\/a>: \u201cAfrontamos la Champions con la ilusi\u00f3n de siempre\u201d \u26bd<a href=\"https:\/\/t.co\/IbqrHCzBuA\">https:\/\/t.co\/IbqrHCzBuA<\/a> <a href=\"https:\/\/t.co\/1WXzHltcU0\">pic.twitter.com\/1WXzHltcU0<\/a><\/p>\n<p>\u2014 Real Madrid C. F. (@realmadrid) <a href=\"https:\/\/twitter.com\/realmadrid\/status\/775688049195753473\">13 de septiembre de 2016<\/a><\/p><\/blockquote>\n<p><script async src=\"\/\/platform.twitter.com\/widgets.js\" charset=\"utf-8\"><\/script><\/p>\n<p>&#8220;Aunque muchos intentan quitar este m\u00e9rito de <strong>Cristiano<\/strong>, ha ganado tres Balones de Oro, hace mucho por el equipo y por su edad va a hacer mucho m\u00e1s. Es un grand\u00edsimo compa\u00f1ero y para m\u00ed es, sin duda, el mejor del mundo&#8221;, a\u00f1adi\u00f3.<\/p>\n<p>Inicia el <strong>Real Madrid<\/strong> la Liga de Campeones con el deseo de lograr un nuevo r\u00e9cord y ser el primer club que consigue repetir t\u00edtulo. &#8220;Afrontamos la Champions con la misma ilusi\u00f3n de siempre, con ganas de dar alegr\u00edas a la afici\u00f3n ganando todos los t\u00edtulos que disputamos y con la alegr\u00eda de siempre&#8221;.<\/p>\n<p style=\"text-align: center;\"><strong><span style=\"color: #3366ff;\">LEER M\u00c1S:\u00a0<a style=\"color: #3366ff;\" href=\"https:\/\/www.futboltotal.com.mx\/2016\/09\/cruz-azul-sin-verguenza-tras-derrota-en-el-clasico\/\"> Cruz Azul, sin verg\u00fcenza tras derrota en el Cl\u00e1sico<\/a><\/span><\/strong><\/p>\n<p>&#8220;Repetir t\u00edtulo es m\u00e1s dif\u00edcil pero sabemos lo que queremos y cuales son nuestros objetivos. La temporada pasada fue dif\u00edcil y la confirmamos ganando la Champions, no es nada f\u00e1cil volver a hacerlo pero vamos por ello. Nunca ning\u00fan equipo ha ganado dos veces seguidas pero estamos para intentarlo. Lo tenemos en nuestra mente&#8221;, agreg\u00f3.<\/p>\n<p>Destac\u00f3 <strong><span class=\"classCadenaBusqueda\">Marcelo<\/span><\/strong> como una de las claves para luchar por ello &#8220;el buen ambiente&#8221; que dijo existe en el vestuario &#8220;desde hace tiempo&#8221;, que impulsa a un inicio de temporada que destac\u00f3.<\/p>\n<p>&#8220;Es uno de los mejores inicios de temporada desde que estoy en el Real Madrid, pero no podemos pensar que todo es perfecto, hay que mejorar cosas cada d\u00eda en entrenamientos y partidos. Es un principio muy feliz porque hemos hecho cosas muy buenas, sabiendo que hay que mejorar&#8221;, analiz\u00f3.<\/p>\n<p style=\"text-align: center;\"><strong><span style=\"color: #3366ff;\">LEER M\u00c1S:\u00a0<a style=\"color: #3366ff;\" href=\"https:\/\/www.futboltotal.com.mx\/2016\/09\/equipos-oscuro-panorama-en-champions\/\">Equipos con oscuro panorama en Champions\u2026<\/a><\/span><\/strong><\/p>\n","protected":false},"excerpt":{"rendered":"<p>Marcelo respondi\u00f3 las declaraciones de Xavi Hern\u00e1ndez<\/p>\n","protected":false},"author":144,"featured_media":428580,"comment_status":"closed","ping_status":"closed","sticky":false,"template":"","format":"standard","meta":[],"categories":[3839,3844,5951],"tags":[1197,5988],"_links":{"self":[{"href":"http:\/\/desarrollo.grupomedios.com\/futbol\/wp-json\/wp\/v2\/posts\/428577"}],"collection":[{"href":"http:\/\/desarrollo.grupomedios.com\/futbol\/wp-json\/wp\/v2\/posts"}],"about":[{"href":"http:\/\/desarrollo.grupomedios.com\/futbol\/wp-json\/wp\/v2\/types\/post"}],"author":[{"embeddable":true,"href":"http:\/\/desarrollo.grupomedios.com\/futbol\/wp-json\/wp\/v2\/users\/144"}],"replies":[{"embeddable":true,"href":"http:\/\/desarrollo.grupomedios.com\/futbol\/wp-json\/wp\/v2\/comments?post=428577"}],"version-history":[{"count":0,"href":"http:\/\/desarrollo.grupomedios.com\/futbol\/wp-json\/wp\/v2\/posts\/428577\/revisions"}],"wp:featuredmedia":[{"embeddable":true,"href":"http:\/\/desarrollo.grupomedios.com\/futbol\/wp-json\/wp\/v2\/media\/428580"}],"wp:attachment":[{"href":"http:\/\/desarrollo.grupomedios.com\/futbol\/wp-json\/wp\/v2\/media?parent=428577"}],"wp:term":[{"taxonomy":"category","embeddable":true,"href":"http:\/\/desarrollo.grupomedios.com\/futbol\/wp-json\/wp\/v2\/categories?post=428577"},{"taxonomy":"post_tag","embeddable":true,"href":"http:\/\/desarrollo.grupomedios.com\/futbol\/wp-json\/wp\/v2\/tags?post=428577"}],"curies":[{"name":"wp","href":"https:\/\/api.w.org\/{rel}","templated":true}]}}