{"id":428614,"date":"2016-09-13T11:23:40","date_gmt":"2016-09-13T16:23:40","guid":{"rendered":"https:\/\/www.futboltotal.com.mx\/?p=428614"},"modified":"2016-09-13T11:23:40","modified_gmt":"2016-09-13T16:23:40","slug":"balotelli-se-transforma-en-la-mona-lisa","status":"publish","type":"post","link":"http:\/\/desarrollo.grupomedios.com\/futbol\/futbol-internacional\/balotelli-se-transforma-en-la-mona-lisa\/2016\/09","title":{"rendered":"\u00a1Balotelli se transforma en la Mona Lisa!"},"content":{"rendered":"<p>Luego de que el pasado fin de semana <strong>Mario Balotelli<\/strong> anotara dos goles para el Niza, el delantero italiano se mostr\u00f3 con buen humor y public\u00f3 una fotograf\u00eda en su cuenta de Instagram donde aparece su rostro en a la famosa Gioconda de Da Vinci.<\/p>\n<p style=\"text-align: center;\"><strong><span style=\"color: #3366ff;\">LEER M\u00c1S:\u00a0<a style=\"color: #3366ff;\" href=\"https:\/\/www.futboltotal.com.mx\/2016\/09\/giovani-asegura-estar-en-mejor-momento-carrera\/\">Giovani asegura estar en el mejor momento de su carrera<\/a><\/span><\/strong><\/p>\n<p>&nbsp;<\/p>\n<blockquote class=\"instagram-media\" style=\"background: #FFF; border: 0; border-radius: 3px; box-shadow: 0 0 1px 0 rgba(0,0,0,0.5),0 1px 10px 0 rgba(0,0,0,0.15); margin: 1px; max-width: 658px; padding: 0; width: calc(100% - 2px);\" data-instgrm-captioned=\"\" data-instgrm-version=\"7\">\n<div style=\"padding: 8px;\">\n<div style=\"background: #F8F8F8; line-height: 0; margin-top: 40px; padding: 50.0% 0; text-align: center; width: 100%;\"><\/div>\n<p style=\"margin: 8px 0 0 0; padding: 0 4px;\"><a style=\"color: #000; font-family: Arial,sans-serif; font-size: 14px; font-style: normal; font-weight: normal; line-height: 17px; text-decoration: none; word-wrap: break-word;\" href=\"https:\/\/www.instagram.com\/p\/BKS2PHTBbTg\/\" target=\"_blank\">Ok, that&#8217;s to much<\/a><\/p>\n<p style=\"color: #c9c8cd; font-family: Arial,sans-serif; font-size: 14px; line-height: 17px; margin-bottom: 0; margin-top: 8px; overflow: hidden; padding: 8px 0 7px; text-align: center; text-overflow: ellipsis; white-space: nowrap;\">A photo posted by Mario Balotelli (@mb459) on <time style=\"font-family: Arial,sans-serif; font-size: 14px; line-height: 17px;\" datetime=\"2016-09-13T11:30:26+00:00\">Sep 13, 2016 at 4:30am PDT<\/time><\/p>\n<\/div>\n<\/blockquote>\n<p><script async defer src=\"\/\/platform.instagram.com\/en_US\/embeds.js\"><\/script><\/p>\n<p><strong>Balotelli<\/strong> acompa\u00f1a la foto con un comentario: &#8220;Ok, esto es demasiado&#8221;, dando entender que \u00e9l no hizo la fotograf\u00eda. Adem\u00e1s de su rostro en la <strong>Mona Lisa<\/strong>, hace poco el italiano tambi\u00e9n public\u00f3 algunas recetas en su cuenta de Twitter.<\/p>\n<blockquote class=\"twitter-tweet\" data-lang=\"es\">\n<p dir=\"ltr\" lang=\"en\">So now I am a shot?  <a href=\"https:\/\/t.co\/qvFccNRsvU\">pic.twitter.com\/qvFccNRsvU<\/a><\/p>\n<p>\u2014 Mario Balotelli (@FinallyMario) <a href=\"https:\/\/twitter.com\/FinallyMario\/status\/775596451464417280\">13 de septiembre de 2016<\/a><\/p><\/blockquote>\n<p><script async src=\"\/\/platform.twitter.com\/widgets.js\" charset=\"utf-8\"><\/script><\/p>\n","protected":false},"excerpt":{"rendered":"<p>Balotelli se mostr\u00f3 con buen humor y public\u00f3 una fotograf\u00eda en su Instagram<\/p>\n","protected":false},"author":20,"featured_media":424249,"comment_status":"closed","ping_status":"closed","sticky":false,"template":"","format":"standard","meta":[],"categories":[5419,3839],"tags":[2102],"_links":{"self":[{"href":"http:\/\/desarrollo.grupomedios.com\/futbol\/wp-json\/wp\/v2\/posts\/428614"}],"collection":[{"href":"http:\/\/desarrollo.grupomedios.com\/futbol\/wp-json\/wp\/v2\/posts"}],"about":[{"href":"http:\/\/desarrollo.grupomedios.com\/futbol\/wp-json\/wp\/v2\/types\/post"}],"author":[{"embeddable":true,"href":"http:\/\/desarrollo.grupomedios.com\/futbol\/wp-json\/wp\/v2\/users\/20"}],"replies":[{"embeddable":true,"href":"http:\/\/desarrollo.grupomedios.com\/futbol\/wp-json\/wp\/v2\/comments?post=428614"}],"version-history":[{"count":0,"href":"http:\/\/desarrollo.grupomedios.com\/futbol\/wp-json\/wp\/v2\/posts\/428614\/revisions"}],"wp:featuredmedia":[{"embeddable":true,"href":"http:\/\/desarrollo.grupomedios.com\/futbol\/wp-json\/wp\/v2\/media\/424249"}],"wp:attachment":[{"href":"http:\/\/desarrollo.grupomedios.com\/futbol\/wp-json\/wp\/v2\/media?parent=428614"}],"wp:term":[{"taxonomy":"category","embeddable":true,"href":"http:\/\/desarrollo.grupomedios.com\/futbol\/wp-json\/wp\/v2\/categories?post=428614"},{"taxonomy":"post_tag","embeddable":true,"href":"http:\/\/desarrollo.grupomedios.com\/futbol\/wp-json\/wp\/v2\/tags?post=428614"}],"curies":[{"name":"wp","href":"https:\/\/api.w.org\/{rel}","templated":true}]}}