{"id":428617,"date":"2016-09-13T11:41:08","date_gmt":"2016-09-13T16:41:08","guid":{"rendered":"https:\/\/www.futboltotal.com.mx\/?p=428617"},"modified":"2016-09-13T11:45:58","modified_gmt":"2016-09-13T16:45:58","slug":"salvador-cabanas-vuelve-al-america","status":"publish","type":"post","link":"http:\/\/desarrollo.grupomedios.com\/futbol\/destacado-home\/salvador-cabanas-vuelve-al-america\/2016\/09","title":{"rendered":"Salvador Caba\u00f1as vuelve al Nido"},"content":{"rendered":"<p>El ex futbolista paraguayo, <strong>Salvador Caba\u00f1as<\/strong>, regresar\u00e1 al <a href=\"http:\/\/www.futboltotal.com.mx\/equipos\/america\/\" target=\"_blank\"><strong>Am\u00e9rica<\/strong><\/a> para disputar un encuentro de sumo inter\u00e9s para la afici\u00f3n y para el club, pues, con motivo de los festejos por los 100 a\u00f1os del conjunto <em>Azulcrema<\/em>, <em>Chava<\/em> volver\u00e1 a pisar un terreno de juego.<\/p>\n<p>El 9 de octubre, <strong>Am\u00e9rica<\/strong> y Chivas celebrar\u00e1n un Cl\u00e1sico para recordar, pues se enfrentar\u00e1n en el estadio Jalisco, en encuentro de conmemoraci\u00f3n por el centenario azulcrema, donde participar\u00e1n figuras hist\u00f3ricas de ambos clubes, como Germ\u00e1n Villa, Oswaldo S\u00e1nchez, Kalusha Bwalya, Ram\u00f3n Ram\u00edrez, y hasta <strong>Salvador Caba\u00f1as<\/strong>, quien pr\u00e1cticamente ya asegur\u00f3 su participaci\u00f3n.<\/p>\n<p>\u201cEst\u00e1 confirmado, ya llegamos a un arreglo econ\u00f3mico con \u00e9l y estar\u00e1 en el juego. <strong>Salvador Caba\u00f1as<\/strong> s\u00ed juega, quiz\u00e1 no al 100 por ciento pero juega\u201d, afirm\u00f3 Jorge Rodr\u00edguez, organizador del evento.<\/p>\n<p style=\"text-align: center;\"><span style=\"color: #3366ff;\"><a style=\"color: #3366ff;\" href=\"https:\/\/www.futboltotal.com.mx\/2016\/09\/sambueza-jugara-ante-leon\/\" target=\"_blank\"><strong>LEER M\u00c1S: Am\u00e9rica pierde a Rubens Sambueza<\/strong><\/a><\/span><\/p>\n<p>El juego no es organizado ni por <strong>Am\u00e9rica<\/strong>, ni por el Guadalajara, pero ya est\u00e1n a la venta los boletos, que tienen un rango de costos, de entre 110 y 550 pesos. A partir de las 12:00 horas del 9 de octubre, los aficionados interesados en este <em>Cl\u00e1sico de Cl\u00e1sicos<\/em> conmemorativo, podr\u00e1n disfrutar de otro juego de <strong>Salvador Caba\u00f1as<\/strong>.<\/p>\n<p><span style=\"color: #ff0000;\">VIDEO: Agenda TV | Mexicanos en Champions League<\/span><\/p>\n<p>[video_player]https:\/\/player.vimeo.com\/external\/182561933.hd.mp4?s=7055b5d40c016c56e8a24e2cc428eb603c9a19d6&amp;profile_id=174[\/video_player]<\/p>\n","protected":false},"excerpt":{"rendered":"<p>El delantero participar\u00e1 en evento centenario azulcrema<\/p>\n","protected":false},"author":20,"featured_media":428619,"comment_status":"closed","ping_status":"closed","sticky":false,"template":"","format":"standard","meta":[],"categories":[5,2198,3845],"tags":[5959,951],"_links":{"self":[{"href":"http:\/\/desarrollo.grupomedios.com\/futbol\/wp-json\/wp\/v2\/posts\/428617"}],"collection":[{"href":"http:\/\/desarrollo.grupomedios.com\/futbol\/wp-json\/wp\/v2\/posts"}],"about":[{"href":"http:\/\/desarrollo.grupomedios.com\/futbol\/wp-json\/wp\/v2\/types\/post"}],"author":[{"embeddable":true,"href":"http:\/\/desarrollo.grupomedios.com\/futbol\/wp-json\/wp\/v2\/users\/20"}],"replies":[{"embeddable":true,"href":"http:\/\/desarrollo.grupomedios.com\/futbol\/wp-json\/wp\/v2\/comments?post=428617"}],"version-history":[{"count":0,"href":"http:\/\/desarrollo.grupomedios.com\/futbol\/wp-json\/wp\/v2\/posts\/428617\/revisions"}],"wp:featuredmedia":[{"embeddable":true,"href":"http:\/\/desarrollo.grupomedios.com\/futbol\/wp-json\/wp\/v2\/media\/428619"}],"wp:attachment":[{"href":"http:\/\/desarrollo.grupomedios.com\/futbol\/wp-json\/wp\/v2\/media?parent=428617"}],"wp:term":[{"taxonomy":"category","embeddable":true,"href":"http:\/\/desarrollo.grupomedios.com\/futbol\/wp-json\/wp\/v2\/categories?post=428617"},{"taxonomy":"post_tag","embeddable":true,"href":"http:\/\/desarrollo.grupomedios.com\/futbol\/wp-json\/wp\/v2\/tags?post=428617"}],"curies":[{"name":"wp","href":"https:\/\/api.w.org\/{rel}","templated":true}]}}