{"id":428735,"date":"2016-09-13T16:05:00","date_gmt":"2016-09-13T21:05:00","guid":{"rendered":"https:\/\/www.futboltotal.com.mx\/?p=428735"},"modified":"2016-09-13T16:11:25","modified_gmt":"2016-09-13T21:11:25","slug":"resultado-psv-0-1-atletico-champions-league","status":"publish","type":"post","link":"http:\/\/desarrollo.grupomedios.com\/futbol\/destacado-home\/resultado-psv-0-1-atletico-champions-league\/2016\/09","title":{"rendered":"Guardado, Moreno y PSV sufren en Champions"},"content":{"rendered":"<p>El <strong>PSV\u00a0<\/strong>tuvo un duro comienzo en la Champions League 2016-17 y se estrell\u00f3 con el Atl\u00e9tico de Madrid en Eindhoven. Con los mexicanos <strong>Andr\u00e9s Guardado<\/strong> y <strong>H\u00e9ctor Moreno<\/strong> en el campo, los<em> Granjeros<\/em>\u00a0cayeron 0-1 en la primera jornada de fase de grupos. En la derrota tuvo injerencia el arbitraje, que anul\u00f3 un gol leg\u00edtimo a Luke De Jong por una supuesta falta de H\u00e9ctor Moreno, y\u00a0el <em>Principito<\/em>, quien err\u00f3 un penalti que pudo significar el tanto del empate.<\/p>\n<p style=\"text-align: center;\"><a href=\"https:\/\/www.futboltotal.com.mx\/futbol-internacional\/champions-league\/\"><strong><span style=\"color: #3366ff;\">LEER M\u00c1S: As\u00ed se vivi\u00f3 : PSV 0-1 Atl\u00e9tico de Madrid<\/span><\/strong><\/a><\/p>\n<p style=\"text-align: left;\">El partido qued\u00f3 marcado por el pol\u00e9mico arbitraje del ingl\u00e9s Martin Atkinson. No habr\u00eda transcurrido ni cinco minutos y el <strong>PSV<\/strong> ya sufr\u00eda a causa del silbante. H\u00e9ctor Moreno remat\u00f3 un trazo al \u00e1rea de <strong>Andr\u00e9s Guardado<\/strong> que mand\u00f3 guardar Luke de Jong. Unos instantes despu\u00e9s del gol fue anulado una supuesto recarg\u00f3n del central <em>azteca<\/em> sobre Filipe Luis en el intento de remate.<a href=\"https:\/\/www.futboltotal.com.mx\/wp-content\/uploads\/2016\/09\/Saul.jpg\"><img decoding=\"async\" loading=\"lazy\" class=\"alignnone size-full wp-image-428745\" src=\"https:\/\/www.futboltotal.com.mx\/wp-content\/uploads\/2016\/09\/Saul.jpg\" alt=\"saul\" srcset=\"http:\/\/desarrollo.grupomedios.com\/futbol\/wp-content\/uploads\/2016\/09\/Saul.jpg 858w, http:\/\/desarrollo.grupomedios.com\/futbol\/wp-content\/uploads\/2016\/09\/Saul-300x151.jpg 300w, http:\/\/desarrollo.grupomedios.com\/futbol\/wp-content\/uploads\/2016\/09\/Saul-768x386.jpg 768w, http:\/\/desarrollo.grupomedios.com\/futbol\/wp-content\/uploads\/2016\/09\/Saul-340x171.jpg 340w\" sizes=\"(max-width: 858px) 100vw, 858px\" \/><\/a><\/p>\n<p>Ninguno de los dos clubes tuvo alguna otra ocasi\u00f3n m\u00e1s clara de gol hasta el \u00faltimo tramo del primer tiempo. Ni con Griezmann, Gameiro y Gait\u00e1n, los <em>Colchoneros <\/em>pudieron abrir la lata. Hubo que esperar hasta la agon\u00eda del primer tiempo para que,\u00a0tras un c\u00f3rner mal rechazado por de la zaga del PSV, el canterano Sa\u00fal \u00d1\u00edguez ejecutar\u00e1 un acrob\u00e1tico remate y marcara el \u00fanico tanto del partido.<\/p>\n<p>En la parte complementaria el PSV recibi\u00f3 una d\u00e1diva del \u00e1rbitro Atkinson, quien decret\u00f3 un penal inexistente sobre Narsingh que no dud\u00f3 en cobrar el mexicano <strong>Andr\u00e9s Guardado<\/strong>. Con Jan Oblak bien plantando bajo los tres palos, el mexicano sac\u00f3 un zapatazo a med\u00ed altura que escupi\u00f3 el meta esloveno a dos manos.<\/p>\n<p style=\"text-align: left;\"><a href=\"https:\/\/www.futboltotal.com.mx\/wp-content\/uploads\/2016\/09\/PSV-1.jpg\"><img decoding=\"async\" loading=\"lazy\" class=\"alignnone size-full wp-image-428714\" src=\"https:\/\/www.futboltotal.com.mx\/wp-content\/uploads\/2016\/09\/PSV-1.jpg\" alt=\"psv\" srcset=\"http:\/\/desarrollo.grupomedios.com\/futbol\/wp-content\/uploads\/2016\/09\/PSV-1.jpg 858w, http:\/\/desarrollo.grupomedios.com\/futbol\/wp-content\/uploads\/2016\/09\/PSV-1-300x151.jpg 300w, http:\/\/desarrollo.grupomedios.com\/futbol\/wp-content\/uploads\/2016\/09\/PSV-1-768x386.jpg 768w, http:\/\/desarrollo.grupomedios.com\/futbol\/wp-content\/uploads\/2016\/09\/PSV-1-340x171.jpg 340w\" sizes=\"(max-width: 858px) 100vw, 858px\" \/><\/a><\/p>\n<p style=\"text-align: center;\"><a href=\"https:\/\/www.futboltotal.com.mx\/estadisticas\/estadisticas-champions-league\/\"><span style=\"color: #3366ff;\"><strong>LEER M\u00c1S: Resultados UEFA Champions League<\/strong><\/span><\/a><\/p>\n<p><em>As\u00ed qued\u00f3 el pelot\u00f3n del PSV, Atl\u00e9tico,Rostov y Bayern\u00a0tras la primera jornada.<\/em><\/p>\n<p><a href=\"https:\/\/www.futboltotal.com.mx\/wp-content\/uploads\/2016\/09\/Screen-Shot-2016-09-13-at-3.57.20-PM.png\"><img decoding=\"async\" loading=\"lazy\" class=\"alignnone size-full wp-image-428741\" src=\"https:\/\/www.futboltotal.com.mx\/wp-content\/uploads\/2016\/09\/Screen-Shot-2016-09-13-at-3.57.20-PM.png\" alt=\"screen-shot-2016-09-13-at-3-57-20-pm\" srcset=\"http:\/\/desarrollo.grupomedios.com\/futbol\/wp-content\/uploads\/2016\/09\/Screen-Shot-2016-09-13-at-3.57.20-PM.png 943w, http:\/\/desarrollo.grupomedios.com\/futbol\/wp-content\/uploads\/2016\/09\/Screen-Shot-2016-09-13-at-3.57.20-PM-300x74.png 300w, http:\/\/desarrollo.grupomedios.com\/futbol\/wp-content\/uploads\/2016\/09\/Screen-Shot-2016-09-13-at-3.57.20-PM-768x191.png 768w\" sizes=\"(max-width: 943px) 100vw, 943px\" \/><\/a><\/p>\n<p>&nbsp;<\/p>\n","protected":false},"excerpt":{"rendered":"<p>El mediocampista mexicano dej\u00f3 escapar el tanto del empate<\/p>\n","protected":false},"author":20,"featured_media":428714,"comment_status":"closed","ping_status":"closed","sticky":false,"template":"","format":"standard","meta":[],"categories":[5,3839],"tags":[2047,2044],"_links":{"self":[{"href":"http:\/\/desarrollo.grupomedios.com\/futbol\/wp-json\/wp\/v2\/posts\/428735"}],"collection":[{"href":"http:\/\/desarrollo.grupomedios.com\/futbol\/wp-json\/wp\/v2\/posts"}],"about":[{"href":"http:\/\/desarrollo.grupomedios.com\/futbol\/wp-json\/wp\/v2\/types\/post"}],"author":[{"embeddable":true,"href":"http:\/\/desarrollo.grupomedios.com\/futbol\/wp-json\/wp\/v2\/users\/20"}],"replies":[{"embeddable":true,"href":"http:\/\/desarrollo.grupomedios.com\/futbol\/wp-json\/wp\/v2\/comments?post=428735"}],"version-history":[{"count":0,"href":"http:\/\/desarrollo.grupomedios.com\/futbol\/wp-json\/wp\/v2\/posts\/428735\/revisions"}],"wp:featuredmedia":[{"embeddable":true,"href":"http:\/\/desarrollo.grupomedios.com\/futbol\/wp-json\/wp\/v2\/media\/428714"}],"wp:attachment":[{"href":"http:\/\/desarrollo.grupomedios.com\/futbol\/wp-json\/wp\/v2\/media?parent=428735"}],"wp:term":[{"taxonomy":"category","embeddable":true,"href":"http:\/\/desarrollo.grupomedios.com\/futbol\/wp-json\/wp\/v2\/categories?post=428735"},{"taxonomy":"post_tag","embeddable":true,"href":"http:\/\/desarrollo.grupomedios.com\/futbol\/wp-json\/wp\/v2\/tags?post=428735"}],"curies":[{"name":"wp","href":"https:\/\/api.w.org\/{rel}","templated":true}]}}