{"id":428757,"date":"2016-09-13T16:52:16","date_gmt":"2016-09-13T21:52:16","guid":{"rendered":"https:\/\/www.futboltotal.com.mx\/?p=428757"},"modified":"2016-09-13T21:41:30","modified_gmt":"2016-09-14T02:41:30","slug":"jose-saturnino-cardozo-se-queda-en-chiapas","status":"publish","type":"post","link":"http:\/\/desarrollo.grupomedios.com\/futbol\/futbol-mexicano\/jose-saturnino-cardozo-se-queda-en-chiapas\/2016\/09","title":{"rendered":"Que siempre no&#8230; Cardozo se queda en Chiapas"},"content":{"rendered":"<p>Apenas el pasado lunes los <span style=\"color: #ff0000;\"><a style=\"color: #ff0000;\" href=\"https:\/\/www.futboltotal.com.mx\/equipos\/chiapas\/\" target=\"_blank\">Jaguares de Chiapas<\/a><\/span> hab\u00edan anunciado el cese de <strong>Jos\u00e9 Cardozo<\/strong> como t\u00e9cnico del equipo, pero apenas 24 horas despu\u00e9s, la directiva se arrepinti\u00f3 y el t\u00e9cnico paraguayo seguir\u00e1 como timonel de los chiapanecos, esto a petici\u00f3n de los jugadores.<\/p>\n<p>Quien sonaba para suplirlo era <strong>Sergio Bueno<\/strong> y \u00e9l fue quien confirm\u00f3 la noticia de que <strong>Saturnino Cardozo<\/strong> se quedaba como t\u00e9cnico del club, por lo que le dese\u00f3 \u00e9xito.<\/p>\n<blockquote><p>\u201cSinceramente, ojal\u00e1 se le den las cosas a <strong>Cardozo<\/strong>. As\u00ed es el mundo del futbol\u201d, declar\u00f3,\u00a0<strong>Bueno <\/strong>para la cadena<em>\u00a0TDN<\/em>.<\/p><\/blockquote>\n<p>Los medios locales fueron quienes indicaron que los jugadores pidieron el regreso de <strong>Cardozo<\/strong>, pues seg\u00fan estaban comprometidos con el proyecto del guaran\u00ed y no quer\u00edan tener a <strong>Sergio Bueno<\/strong> como entrenador, a pesar de que tiempo atr\u00e1s ya hab\u00eda estado dirigiendo a <strong>Jaguares<\/strong>.<\/p>\n<p style=\"text-align: center;\"><strong><span style=\"color: #3366ff;\">LEER M\u00c1S:<a style=\"color: #3366ff;\" href=\"https:\/\/www.futboltotal.com.mx\/2016\/09\/resultados-barcelona-7-0-celtic-champions-league\/\">Barcelona se desquita con goleada al Celtic en la Champions<\/a><\/span><\/strong><\/p>\n<blockquote class=\"twitter-tweet\" data-lang=\"es\">\n<p dir=\"ltr\" lang=\"es\">Se queda Cardozo como tecnico de <a href=\"https:\/\/twitter.com\/Chiapas_FC\">@Chiapas_FC<\/a> Los jugadores abogaron por el<\/p>\n<p>\u2014 FERNANDO SCHWARTZ (@fersch_4) <a href=\"https:\/\/twitter.com\/fersch_4\/status\/775805341845950464\">13 de septiembre de 2016<\/a><\/p><\/blockquote>\n<p><script async src=\"\/\/platform.twitter.com\/widgets.js\" charset=\"utf-8\"><\/script><\/p>\n","protected":false},"excerpt":{"rendered":"<p>Los jugadores pidieron el regreso del t\u00e9cnico guaran\u00ed<\/p>\n","protected":false},"author":20,"featured_media":428473,"comment_status":"closed","ping_status":"closed","sticky":false,"template":"","format":"standard","meta":[],"categories":[2198,3845,5950],"tags":[4235,64],"_links":{"self":[{"href":"http:\/\/desarrollo.grupomedios.com\/futbol\/wp-json\/wp\/v2\/posts\/428757"}],"collection":[{"href":"http:\/\/desarrollo.grupomedios.com\/futbol\/wp-json\/wp\/v2\/posts"}],"about":[{"href":"http:\/\/desarrollo.grupomedios.com\/futbol\/wp-json\/wp\/v2\/types\/post"}],"author":[{"embeddable":true,"href":"http:\/\/desarrollo.grupomedios.com\/futbol\/wp-json\/wp\/v2\/users\/20"}],"replies":[{"embeddable":true,"href":"http:\/\/desarrollo.grupomedios.com\/futbol\/wp-json\/wp\/v2\/comments?post=428757"}],"version-history":[{"count":0,"href":"http:\/\/desarrollo.grupomedios.com\/futbol\/wp-json\/wp\/v2\/posts\/428757\/revisions"}],"wp:featuredmedia":[{"embeddable":true,"href":"http:\/\/desarrollo.grupomedios.com\/futbol\/wp-json\/wp\/v2\/media\/428473"}],"wp:attachment":[{"href":"http:\/\/desarrollo.grupomedios.com\/futbol\/wp-json\/wp\/v2\/media?parent=428757"}],"wp:term":[{"taxonomy":"category","embeddable":true,"href":"http:\/\/desarrollo.grupomedios.com\/futbol\/wp-json\/wp\/v2\/categories?post=428757"},{"taxonomy":"post_tag","embeddable":true,"href":"http:\/\/desarrollo.grupomedios.com\/futbol\/wp-json\/wp\/v2\/tags?post=428757"}],"curies":[{"name":"wp","href":"https:\/\/api.w.org\/{rel}","templated":true}]}}