{"id":428848,"date":"2016-09-14T09:39:20","date_gmt":"2016-09-14T14:39:20","guid":{"rendered":"https:\/\/www.futboltotal.com.mx\/?p=428848"},"modified":"2016-09-14T09:39:20","modified_gmt":"2016-09-14T14:39:20","slug":"ceferin-nuevo-presidente-la-uefa","status":"publish","type":"post","link":"http:\/\/desarrollo.grupomedios.com\/futbol\/futbol-internacional\/ceferin-nuevo-presidente-la-uefa\/2016\/09","title":{"rendered":"Ceferin, nuevo presidente de la UEFA"},"content":{"rendered":"<p>El esloveno <strong>Aleksander Ceferin<\/strong> fue elegido este mi\u00e9rcoles nuevo presidente de la <strong>UEFA<\/strong> al obtener 42 votos frente a los 13 del holand\u00e9s Michel Van Praag, su \u00fanico contrincante, en la primera votaci\u00f3n del Congreso Extraordinario que celebra el organismo en Atenas.<\/p>\n<p>Ceferin, abogado y presidente de la Federaci\u00f3n Eslovena de F\u00fatbol desde 2011, se convirti\u00f3 as\u00ed en el s\u00e9ptimo presidente de la <strong>UEFA<\/strong> y sucede al franc\u00e9s Michel Platini, que dirigi\u00f3 la organizaci\u00f3n desde 2007 hasta que fue inhabilitado por la FIFA por incumplir su C\u00f3digo \u00c9tico y sancionado durante cuatro a\u00f1os.<\/p>\n<p style=\"text-align: center;\"><a href=\"https:\/\/www.futboltotal.com.mx\/futbol-internacional\/\"><span style=\"color: #3366ff;\"><strong>LEER M\u00c1S: Todas las noticias de futbol internacional\u00a0<\/strong><\/span><\/a><\/p>\n<p>&#8220;Gracias por su apoyo fant\u00e1stico. Es un gran honor y una gran responsabilidad, significa mucho para m\u00ed. Mi bella Eslovenia y mi familia est\u00e1n orgullosos. Espero que un d\u00eda ustedes tambi\u00e9n lo est\u00e9n&#8221;, dijo Ceferin en su primera intervenci\u00f3n tras conocer el resultado de la votaci\u00f3n.<\/p>\n<p>El esloveno super\u00f3 ampliamente la cifra de 28 votos que necesitaba para resultar elegido en la primera votaci\u00f3n, en la que participaron las 55 asociaciones que forman la <strong>UEFA<\/strong> y en la que no hubo abstenciones ni votos nulos.<\/p>\n<p>El mandato de <strong>Ceferin<\/strong> se prolongar\u00e1 hasta el Congreso de 2019, ya que su periodo como presidente no ser\u00e1 de cuatro a\u00f1os sino que completar\u00e1 el tiempo que restaba del \u00faltimo iniciado por Michel Platini, el 24 de marzo de 2015, cuando el franc\u00e9s fue elegido para un tercer mandato antes de su inhabilitaci\u00f3n en octubre de 2015<\/p>\n","protected":false},"excerpt":{"rendered":"<p>El esloveno sucede a Platini tras imponerse en votaciones al holand\u00e9s Michel Van Praag<\/p>\n","protected":false},"author":20,"featured_media":428850,"comment_status":"closed","ping_status":"closed","sticky":false,"template":"","format":"standard","meta":[],"categories":[3839],"tags":[7422,192],"_links":{"self":[{"href":"http:\/\/desarrollo.grupomedios.com\/futbol\/wp-json\/wp\/v2\/posts\/428848"}],"collection":[{"href":"http:\/\/desarrollo.grupomedios.com\/futbol\/wp-json\/wp\/v2\/posts"}],"about":[{"href":"http:\/\/desarrollo.grupomedios.com\/futbol\/wp-json\/wp\/v2\/types\/post"}],"author":[{"embeddable":true,"href":"http:\/\/desarrollo.grupomedios.com\/futbol\/wp-json\/wp\/v2\/users\/20"}],"replies":[{"embeddable":true,"href":"http:\/\/desarrollo.grupomedios.com\/futbol\/wp-json\/wp\/v2\/comments?post=428848"}],"version-history":[{"count":0,"href":"http:\/\/desarrollo.grupomedios.com\/futbol\/wp-json\/wp\/v2\/posts\/428848\/revisions"}],"wp:featuredmedia":[{"embeddable":true,"href":"http:\/\/desarrollo.grupomedios.com\/futbol\/wp-json\/wp\/v2\/media\/428850"}],"wp:attachment":[{"href":"http:\/\/desarrollo.grupomedios.com\/futbol\/wp-json\/wp\/v2\/media?parent=428848"}],"wp:term":[{"taxonomy":"category","embeddable":true,"href":"http:\/\/desarrollo.grupomedios.com\/futbol\/wp-json\/wp\/v2\/categories?post=428848"},{"taxonomy":"post_tag","embeddable":true,"href":"http:\/\/desarrollo.grupomedios.com\/futbol\/wp-json\/wp\/v2\/tags?post=428848"}],"curies":[{"name":"wp","href":"https:\/\/api.w.org\/{rel}","templated":true}]}}