{"id":428873,"date":"2016-09-14T11:53:50","date_gmt":"2016-09-14T16:53:50","guid":{"rendered":"https:\/\/www.futboltotal.com.mx\/?p=428873"},"modified":"2016-09-14T11:53:50","modified_gmt":"2016-09-14T16:53:50","slug":"habra-juego-estrellas-en-la-liga-mx","status":"publish","type":"post","link":"http:\/\/desarrollo.grupomedios.com\/futbol\/destacado-home\/habra-juego-estrellas-en-la-liga-mx\/2016\/09","title":{"rendered":"\u00a1Habr\u00e1 Juego de Estrellas en la Liga MX!"},"content":{"rendered":"<p>\u00a1La <strong>Liga MX<\/strong> escuch\u00f3 las plegarias de sus aficionados y tendremos <strong>Juego de Estrellas<\/strong> como en la MLS! As\u00ed las figuras del futbol mexicano disputar\u00e1n un partido el pr\u00f3ximo verano de 2017 contra un equipo europeo que est\u00e9 en pretemporada, un formato parecido al que utilizan en Estados Unidos con el <strong>MLS All-Star Game<\/strong>.<\/p>\n<p>Por iniciativa de un patrocinador, el partido se llevar\u00e1 a cabo en la pr\u00f3xima temporada 2016-17, donde los mejores jugadores del Apertura 2016 y Clausura 2017 se unir\u00e1n para disputar un partido, seg\u00fan informa el diario\u00a0<em>R\u00e9cord.<\/em><\/p>\n<p>Cabe destacar que para este torneo de Apertura 2016, la <strong>Liga MX<\/strong> cambi\u00f3 su reglamento y a\u00f1adi\u00f3 un apartado nuevo donde se indica que los clubes deber\u00e1n arreglarse con los jugadores para el pr\u00e9stamo a un juego de estrellas. Esto es lo que se dice en\u00a0Art\u00edculo 3 del Ap\u00e9ndice I.<\/p>\n<blockquote><p>\u201cEn cada temporada se podr\u00e1 programar un <strong>Juego de Estrellas<\/strong>, el cual se celebrar\u00e1 entre jugadores nacionales y extranjeros. Ser\u00e1 obligaci\u00f3n de los clubes prever en sus contratos la participaci\u00f3n de jugadores nacionales y extranjeros que resulten nominados para participar en estos eventos\u201d,\u00a0se lee en el art\u00edculo.<\/p><\/blockquote>\n<p style=\"text-align: center;\"><strong><span style=\"color: #3366ff;\">LEER M\u00c1S:\u00a0<a style=\"color: #3366ff;\" href=\"https:\/\/www.futboltotal.com.mx\/2016\/09\/uefa-amenaza-al-barcelona-esteladas-en-camp-nou\/\"> UEFA amenaza al Barcelona por esteladas en el Camp Nou<\/a><\/span><\/strong><\/p>\n<p><img decoding=\"async\" loading=\"lazy\" class=\"alignnone size-full wp-image-428874\" src=\"https:\/\/www.futboltotal.com.mx\/wp-content\/uploads\/2016\/09\/Screen-Shot-2016-09-14-at-11.16.02-AM.png\" alt=\"liga mx\" srcset=\"http:\/\/desarrollo.grupomedios.com\/futbol\/wp-content\/uploads\/2016\/09\/Screen-Shot-2016-09-14-at-11.16.02-AM.png 734w, http:\/\/desarrollo.grupomedios.com\/futbol\/wp-content\/uploads\/2016\/09\/Screen-Shot-2016-09-14-at-11.16.02-AM-300x77.png 300w\" sizes=\"(max-width: 734px) 100vw, 734px\" \/><\/p>\n<p>Las negociaciones para el partido de estrellas de la <strong>Liga MX<\/strong> ya van anvanzadas, pues se dice que el enfrentamiento se dar\u00e1 en el Estadio Azteca, donde el patrocinador tiene presencia comercial y busca tener su evento como el de la MLS.<\/p>\n<p>El \u00fanico problema para la realizaci\u00f3n del <strong>Juego de Estrellas<\/strong> ser\u00e1 el calendario de FIFA, pues hay que recordar que las fechas de pretemporada son entre julio y agosto y el pr\u00f3ximo a\u00f1o se realizar\u00e1n la Copa Confederaciones y la Copa Oro, donde ambos torneos son parte del certamen y pueden solicitar a sus mejores jugadores.<\/p>\n<p style=\"text-align: center;\"><strong><span style=\"color: #3366ff;\">LEER M\u00c1S:\u00a0<a style=\"color: #3366ff;\" href=\"https:\/\/www.futboltotal.com.mx\/2016\/09\/barcelona-mas-que-un-club\/\">Barcelona: m\u00e1s que un club<\/a><\/span><\/strong><\/p>\n<p>&nbsp;<\/p>\n","protected":false},"excerpt":{"rendered":"<p>Un rival europeo ser\u00e1 el contricante para el primer partido<\/p>\n","protected":false},"author":20,"featured_media":428877,"comment_status":"closed","ping_status":"closed","sticky":false,"template":"","format":"standard","meta":[],"categories":[5,2198,3845],"tags":[64],"_links":{"self":[{"href":"http:\/\/desarrollo.grupomedios.com\/futbol\/wp-json\/wp\/v2\/posts\/428873"}],"collection":[{"href":"http:\/\/desarrollo.grupomedios.com\/futbol\/wp-json\/wp\/v2\/posts"}],"about":[{"href":"http:\/\/desarrollo.grupomedios.com\/futbol\/wp-json\/wp\/v2\/types\/post"}],"author":[{"embeddable":true,"href":"http:\/\/desarrollo.grupomedios.com\/futbol\/wp-json\/wp\/v2\/users\/20"}],"replies":[{"embeddable":true,"href":"http:\/\/desarrollo.grupomedios.com\/futbol\/wp-json\/wp\/v2\/comments?post=428873"}],"version-history":[{"count":0,"href":"http:\/\/desarrollo.grupomedios.com\/futbol\/wp-json\/wp\/v2\/posts\/428873\/revisions"}],"wp:featuredmedia":[{"embeddable":true,"href":"http:\/\/desarrollo.grupomedios.com\/futbol\/wp-json\/wp\/v2\/media\/428877"}],"wp:attachment":[{"href":"http:\/\/desarrollo.grupomedios.com\/futbol\/wp-json\/wp\/v2\/media?parent=428873"}],"wp:term":[{"taxonomy":"category","embeddable":true,"href":"http:\/\/desarrollo.grupomedios.com\/futbol\/wp-json\/wp\/v2\/categories?post=428873"},{"taxonomy":"post_tag","embeddable":true,"href":"http:\/\/desarrollo.grupomedios.com\/futbol\/wp-json\/wp\/v2\/tags?post=428873"}],"curies":[{"name":"wp","href":"https:\/\/api.w.org\/{rel}","templated":true}]}}