{"id":428935,"date":"2016-09-14T14:12:03","date_gmt":"2016-09-14T19:12:03","guid":{"rendered":"https:\/\/www.futboltotal.com.mx\/?p=428935"},"modified":"2016-09-14T14:12:03","modified_gmt":"2016-09-14T19:12:03","slug":"en-cruz-azul-descartan-estar-en-crisis","status":"publish","type":"post","link":"http:\/\/desarrollo.grupomedios.com\/futbol\/futbol-mexicano\/en-cruz-azul-descartan-estar-en-crisis\/2016\/09","title":{"rendered":"En Cruz Azul descartan estar en crisis"},"content":{"rendered":"<p>Despu\u00e9s de la hist\u00f3rica remontada que le propin\u00f3 Am\u00e9rica (3-4), en <a href=\"http:\/\/futboltotal.com.mx\/equipos\/cruz-azul\/\" target=\"_blank\"><strong>Cruz Azul<\/strong><\/a> le dieron vuelta a la p\u00e1gina y ya piensan en su siguiente encuentro contra Chiapas, adem\u00e1s descartan que la M\u00e1quina tocara fondo por dejar ir una ventaja de tres goles; as\u00ed lo subray\u00f3 el mediocampista <strong>Francisco Silva<\/strong>.<\/p>\n<p>\u201cNo s\u00e9 si se toc\u00f3 fondo. No s\u00e9 qu\u00e9 podemos cambiar, estamos trabajando, entrenando, mejorando, no se ha podido dar la victoria, pero esperamos que se pueda conseguir. No s\u00e9 la raz\u00f3n exacta por la cu\u00e1l perdimos, yo me quedo con lo bueno\u201d, coment\u00f3 el <em>Gato<\/em> en conferencia de prensa.<\/p>\n<blockquote class=\"twitter-tweet\" data-lang=\"es\">\n<p dir=\"ltr\" lang=\"es\">La jugada clave del partido: La expulsi\u00f3n de Aldo Leao <a href=\"https:\/\/twitter.com\/hashtag\/AzulEsTodo?src=hash\">#AzulEsTodo<\/a> <a href=\"https:\/\/twitter.com\/TD_Deportes\">@TD_Deportes<\/a> <a href=\"https:\/\/t.co\/7k2AaHabyA\">pic.twitter.com\/7k2AaHabyA<\/a><\/p>\n<p>\u2014 CRUZ AZUL FC \u00ae (@Cruz_Azul_FC) <a href=\"https:\/\/twitter.com\/Cruz_Azul_FC\/status\/774779623070507009\">11 de septiembre de 2016<\/a><\/p><\/blockquote>\n<p><script async src=\"\/\/platform.twitter.com\/widgets.js\" charset=\"utf-8\"><\/script><\/p>\n<p>M\u00e1s all\u00e1 de los 18 a\u00f1os sin t\u00edtulo de liga, <strong>Cruz Azul<\/strong> va por su quinto torneo sin calificar a Liguilla y tiene <span style=\"text-decoration: underline;\"><a href=\"https:\/\/www.futboltotal.com.mx\/estadisticas\/estadisticas-liga-mx\/\" target=\"_blank\">serios problemas en la tabla de cociente<\/a><\/span>; pese a todo esto, el chileno afirm\u00f3 que no hay presi\u00f3n.<\/p>\n<p>&#8220;No siento presi\u00f3n para nada, cre\u00f3 que llegu\u00e9 hace poco tiempo con la visi\u00f3n de que este equipo gane un campeonato, si bien desde hace tiempo que no lo consigue, yo llegu\u00e9 ahora, me concentro en lo que tengo que hacer y para mi el pasado no tiene mayor relevancia. Yo no puedo hablar de lo que pas\u00f3 atr\u00e1s, yo puedo hablar de lo que pasa ahora, hay un gran equipo, estamos bien, los jugadores est\u00e1n comprometidos y queremos salir de estos malos resultados&#8221;, concluy\u00f3.<\/p>\n<p><span style=\"color: #ff0000;\"><strong>VIDEO<\/strong>: Agenda de TV de la jornada 9<\/span><br \/>\n[video_player]https:\/\/player.vimeo.com\/external\/182587201.sd.mp4?s=3f2ddcb772bc3121dd8f786b0fc29eb4e13335c2&amp;profile_id=165[\/video_player]<\/p>\n","protected":false},"excerpt":{"rendered":"<p>Francisco Silva neg\u00f3 sentir presi\u00f3n <\/p>\n","protected":false},"author":20,"featured_media":428936,"comment_status":"closed","ping_status":"closed","sticky":false,"template":"","format":"standard","meta":[],"categories":[2198,3845,5950],"tags":[5962],"_links":{"self":[{"href":"http:\/\/desarrollo.grupomedios.com\/futbol\/wp-json\/wp\/v2\/posts\/428935"}],"collection":[{"href":"http:\/\/desarrollo.grupomedios.com\/futbol\/wp-json\/wp\/v2\/posts"}],"about":[{"href":"http:\/\/desarrollo.grupomedios.com\/futbol\/wp-json\/wp\/v2\/types\/post"}],"author":[{"embeddable":true,"href":"http:\/\/desarrollo.grupomedios.com\/futbol\/wp-json\/wp\/v2\/users\/20"}],"replies":[{"embeddable":true,"href":"http:\/\/desarrollo.grupomedios.com\/futbol\/wp-json\/wp\/v2\/comments?post=428935"}],"version-history":[{"count":0,"href":"http:\/\/desarrollo.grupomedios.com\/futbol\/wp-json\/wp\/v2\/posts\/428935\/revisions"}],"wp:featuredmedia":[{"embeddable":true,"href":"http:\/\/desarrollo.grupomedios.com\/futbol\/wp-json\/wp\/v2\/media\/428936"}],"wp:attachment":[{"href":"http:\/\/desarrollo.grupomedios.com\/futbol\/wp-json\/wp\/v2\/media?parent=428935"}],"wp:term":[{"taxonomy":"category","embeddable":true,"href":"http:\/\/desarrollo.grupomedios.com\/futbol\/wp-json\/wp\/v2\/categories?post=428935"},{"taxonomy":"post_tag","embeddable":true,"href":"http:\/\/desarrollo.grupomedios.com\/futbol\/wp-json\/wp\/v2\/tags?post=428935"}],"curies":[{"name":"wp","href":"https:\/\/api.w.org\/{rel}","templated":true}]}}