{"id":428949,"date":"2016-09-14T14:30:15","date_gmt":"2016-09-14T19:30:15","guid":{"rendered":"https:\/\/www.futboltotal.com.mx\/?p=428949"},"modified":"2016-09-14T14:32:16","modified_gmt":"2016-09-14T19:32:16","slug":"palencia-condena-pretextos-en-tri","status":"publish","type":"post","link":"http:\/\/desarrollo.grupomedios.com\/futbol\/futbol-mexicano\/palencia-condena-pretextos-en-tri\/2016\/09","title":{"rendered":"Palencia condena pretextos en el TRI"},"content":{"rendered":"<p>Hace poco, se rumor\u00f3 que la <a href=\"http:\/\/www.futboltotal.com.mx\/futbol-mexicano\/seleccion-mexicana\/\" target=\"_blank\"><strong>Selecci\u00f3n Mexicana<\/strong><\/a> <a href=\"https:\/\/www.futboltotal.com.mx\/2016\/09\/estadio-azteca-ya-sera-la-casa-del-tri\/\" target=\"_blank\">dejar\u00eda de jugar en el estadio Azteca<\/a> durante partidos de Eliminatoria de CONCACAF, debido a que algunos de los futbolistas que militan en Europa son afectados por la altura de la Ciudad de M\u00e9xico, pues est\u00e1n m\u00e1s acostumbrados a jugar m\u00e1s cerca del nivel del mar.<\/p>\n<p>Eso ha provocado la reacci\u00f3n de muchos, entre ellos el director t\u00e9cnico de <a href=\"http:\/\/www.futboltotal.com.mx\/equipos\/unam\/\" target=\"_blank\"><strong>Pumas<\/strong><\/a>, <strong>Francisco Palencia<\/strong>, quien fue seleccionado nacional y tambi\u00e9n jug\u00f3 en Europa, por lo que ve como una mala excusa, que la <strong>Selecci\u00f3n Mexicana<\/strong> abandone <a href=\"https:\/\/www.futboltotal.com.mx\/2016\/09\/le-ha-ido-a-mexico-del-estadio-azteca\/\" target=\"_blank\">el Azteca <\/a>por causas clim\u00e1ticas; no obstante, tambi\u00e9n valora que el <em>TRI<\/em> use otros inmuebles.<\/p>\n<p>&#8220;No te puedo hablar de la altura, porque cuando yo fui seleccionado nunca me peg\u00f3 y tambi\u00e9n ven\u00eda de Europa a jugar partidos de Eliminaroria. Podemos aplaudir que se salga del Azteca porque la gente de provincia merece que nuestra Selecci\u00f3n Mexicana vaya, y la apoye gente que no se puede desplazar cada que juega el <em>TRI<\/em> en el Azteca\u201d, explic\u00f3 <strong>Francisco Palencia<\/strong>.<\/p>\n<p style=\"text-align: center;\"><span style=\"color: #3366ff;\"><a style=\"color: #3366ff;\" href=\"https:\/\/www.futboltotal.com.mx\/2016\/09\/le-ha-ido-a-mexico-del-estadio-azteca\/\" target=\"_blank\"><strong>LEER M\u00c1S: \u00bfC\u00f3mo le ha ido al TRI fuera del Azteca?<\/strong><\/a><\/span><\/p>\n<p>El estratega <em>auriazul<\/em> se\u00f1ala que cualquier inmueble de M\u00e9xico puede pesar para los contrincantes, porque la afici\u00f3n de diversas zonas del pa\u00eds, es igual de apasionada que la de la capital.<\/p>\n<p>\u201cEn cualquier estado de M\u00e9xico la Selecci\u00f3n va a hacer pesar su jerarqu\u00eda y cualquier equipo le va a costar jugar porque tenemos unos aficionados que son imponentes a la hora de apoyar al TRI\u201d, concluy\u00f3 Palencia.<\/p>\n","protected":false},"excerpt":{"rendered":"<p>El estratega de Pumas habla sobre el posible cambio de estadio de la selecci\u00f3n<\/p>\n","protected":false},"author":20,"featured_media":428957,"comment_status":"closed","ping_status":"closed","sticky":false,"template":"","format":"standard","meta":[],"categories":[2198,3845,5950],"tags":[1449,142,74],"_links":{"self":[{"href":"http:\/\/desarrollo.grupomedios.com\/futbol\/wp-json\/wp\/v2\/posts\/428949"}],"collection":[{"href":"http:\/\/desarrollo.grupomedios.com\/futbol\/wp-json\/wp\/v2\/posts"}],"about":[{"href":"http:\/\/desarrollo.grupomedios.com\/futbol\/wp-json\/wp\/v2\/types\/post"}],"author":[{"embeddable":true,"href":"http:\/\/desarrollo.grupomedios.com\/futbol\/wp-json\/wp\/v2\/users\/20"}],"replies":[{"embeddable":true,"href":"http:\/\/desarrollo.grupomedios.com\/futbol\/wp-json\/wp\/v2\/comments?post=428949"}],"version-history":[{"count":0,"href":"http:\/\/desarrollo.grupomedios.com\/futbol\/wp-json\/wp\/v2\/posts\/428949\/revisions"}],"wp:featuredmedia":[{"embeddable":true,"href":"http:\/\/desarrollo.grupomedios.com\/futbol\/wp-json\/wp\/v2\/media\/428957"}],"wp:attachment":[{"href":"http:\/\/desarrollo.grupomedios.com\/futbol\/wp-json\/wp\/v2\/media?parent=428949"}],"wp:term":[{"taxonomy":"category","embeddable":true,"href":"http:\/\/desarrollo.grupomedios.com\/futbol\/wp-json\/wp\/v2\/categories?post=428949"},{"taxonomy":"post_tag","embeddable":true,"href":"http:\/\/desarrollo.grupomedios.com\/futbol\/wp-json\/wp\/v2\/tags?post=428949"}],"curies":[{"name":"wp","href":"https:\/\/api.w.org\/{rel}","templated":true}]}}