{"id":429013,"date":"2016-09-17T18:41:27","date_gmt":"2016-09-17T23:41:27","guid":{"rendered":"https:\/\/www.futboltotal.com.mx\/?p=429013"},"modified":"2016-09-17T21:12:18","modified_gmt":"2016-09-18T02:12:18","slug":"en-vivo-atlas-vs-necaxa-liga-mx","status":"publish","type":"post","link":"http:\/\/desarrollo.grupomedios.com\/futbol\/futbol-mexicano\/en-vivo-atlas-vs-necaxa-liga-mx\/2016\/09","title":{"rendered":"AS\u00cd SE VIVI\u00d3 | Atlas vs Necaxa | Liga MX"},"content":{"rendered":"<p><a class=\"twitter-timeline\" href=\"https:\/\/twitter.com\/search?q=from%3Aatlasfc%2C%20OR%20from%3AClubNecaxa\" data-widget-id=\"777293957793325056\">Tweets sobre from:atlasfc, OR from:ClubNecaxa<\/a><br \/>\n<script>!function(d,s,id){var js,fjs=d.getElementsByTagName(s)[0],p=\/^http:\/.test(d.location)?'http':'https';if(!d.getElementById(id)){js=d.createElement(s);js.id=id;js.src=p+\":\/\/platform.twitter.com\/widgets.js\";fjs.parentNode.insertBefore(js,fjs);}}(document,\"script\",\"twitter-wjs\");<\/script><\/p>\n<p>El estadio Jalisco ser\u00e1 testigo nuevamente de un <strong><a href=\"http:\/\/www.futboltotal.com.mx\/equipos\/atlas\/\" target=\"_blank\">Atlas <\/a>vs <a href=\"http:\/\/www.futboltotal.com.mx\/equipos\/necaxa\/\" target=\"_blank\">Necaxa<\/a><\/strong> en Primera Divisi\u00f3n, luego de los cinco a\u00f1os de ausencia del conjunto <em>hidroc\u00e1lido<\/em>, en el M\u00e1ximo Circuito. La cita es a las 19:00 horas del s\u00e1bado 17 de septiembre, donde tanto rojinegros como rojiblancos buscar\u00e1n tres puntos que los pongan en los lugares protag\u00f3nicos del Apertura 2016.<\/p>\n<p><strong>Atlas<\/strong> quiere ser protagonista en el semestre de su centenario, pero sus resultados apenas le han alcanzado para situarse a media tabla, lo que debe preocupar a los due\u00f1os del club, que no han logrado levantar al equipo desde que lo adquirieron. Adem\u00e1s, el otro conjunto de Grupo Salinas, el Morelia, se encuentra en el s\u00f3tano de la tabla porcentual, por lo que sus inversiones no est\u00e1n dando frutos.<\/p>\n<p><strong>Necaxa<\/strong> por su parte, acumula tres partidos sin perder y quiere enracharse en territorio jalisciense, para alejarse m\u00e1s de la posibilidad de regresar al circuito de ascenso, aprovechando la volatilidad de su promedio porcentual.<\/p>\n<p>La diferencia entre planteles tambi\u00e9n es marcada, ya que, mientras uno enriqueci\u00f3 su plantel en busca de evitar el descenso, el otro apenas se hizo de incorporaciones e incluso dej\u00f3 ir jugadores, ya con el torneo iniciado.<\/p>\n<p><strong>Atlas vs Necaxa<\/strong>, \u00bfcu\u00e1l es tu pron\u00f3stico para este juego, <em>crack<\/em>?<\/p>\n","protected":false},"excerpt":{"rendered":"<p>Los Rayos no pudieron seguir su racha<\/p>\n","protected":false},"author":20,"featured_media":429619,"comment_status":"closed","ping_status":"closed","sticky":false,"template":"","format":"standard","meta":[],"categories":[2198,3845],"tags":[5961,261],"_links":{"self":[{"href":"http:\/\/desarrollo.grupomedios.com\/futbol\/wp-json\/wp\/v2\/posts\/429013"}],"collection":[{"href":"http:\/\/desarrollo.grupomedios.com\/futbol\/wp-json\/wp\/v2\/posts"}],"about":[{"href":"http:\/\/desarrollo.grupomedios.com\/futbol\/wp-json\/wp\/v2\/types\/post"}],"author":[{"embeddable":true,"href":"http:\/\/desarrollo.grupomedios.com\/futbol\/wp-json\/wp\/v2\/users\/20"}],"replies":[{"embeddable":true,"href":"http:\/\/desarrollo.grupomedios.com\/futbol\/wp-json\/wp\/v2\/comments?post=429013"}],"version-history":[{"count":0,"href":"http:\/\/desarrollo.grupomedios.com\/futbol\/wp-json\/wp\/v2\/posts\/429013\/revisions"}],"wp:featuredmedia":[{"embeddable":true,"href":"http:\/\/desarrollo.grupomedios.com\/futbol\/wp-json\/wp\/v2\/media\/429619"}],"wp:attachment":[{"href":"http:\/\/desarrollo.grupomedios.com\/futbol\/wp-json\/wp\/v2\/media?parent=429013"}],"wp:term":[{"taxonomy":"category","embeddable":true,"href":"http:\/\/desarrollo.grupomedios.com\/futbol\/wp-json\/wp\/v2\/categories?post=429013"},{"taxonomy":"post_tag","embeddable":true,"href":"http:\/\/desarrollo.grupomedios.com\/futbol\/wp-json\/wp\/v2\/tags?post=429013"}],"curies":[{"name":"wp","href":"https:\/\/api.w.org\/{rel}","templated":true}]}}