{"id":429110,"date":"2016-09-14T17:26:21","date_gmt":"2016-09-14T22:26:21","guid":{"rendered":"https:\/\/www.futboltotal.com.mx\/?p=429110"},"modified":"2016-09-14T17:26:21","modified_gmt":"2016-09-14T22:26:21","slug":"comienzo-estelar-messi-kun-aguero","status":"publish","type":"post","link":"http:\/\/desarrollo.grupomedios.com\/futbol\/futbol-internacional\/comienzo-estelar-messi-kun-aguero\/2016\/09","title":{"rendered":"Arranque de Champions League, con sabor argentino"},"content":{"rendered":"<p><strong>Lionel Messi<\/strong> y <strong>Sergio <em>Kun<\/em> Ag\u00fcero<\/strong>, dos referentes ineludibles de la selecci\u00f3n de Argentina, tuvieron un comienzo estelar en la Liga de Campeones 2016\/17 al firmar ambos un triplete en las goleadas del Barcelona y el Manchester City, respectivamente.<\/p>\n<p>No pudieron tener mejor inicio ambos jugadores, que exhibieron su condici\u00f3n de grandes referencias del f\u00fatbol mundial con sendas exhibiciones.<\/p>\n<p>El uruguayo Luis Su\u00e1rez tambi\u00e9n tuvo un buen inicio con el Barcelona, al firmar un doblete, igual que hicieron el alem\u00e1n Joshua Kimmich (Bayern M\u00fanich), el argelino Riyad Mahrez (Leicester) y el polaco Arkadiusz Milik (N\u00e1poles).<\/p>\n<p>El portugu\u00e9s Cristiano Ronaldo, elegido mejor jugador de la pasada edici\u00f3n, comenz\u00f3 con una diana, que adem\u00e1s signific\u00f3 el principio de una remontada heroica del defensor del t\u00edtulo, el Real Madrid, ante su exequipo, el Sporting luso, que acab\u00f3 por ceder 2-1 en la prolongaci\u00f3n.<\/p>\n<p style=\"text-align: center;\"><span style=\"color: #3366ff;\"><a style=\"color: #3366ff;\" href=\"https:\/\/www.futboltotal.com.mx\/2016\/09\/leicester-vive-noche-magica-en-debut\/\" target=\"_blank\"><strong>LEER M\u00c1S: Leicester City sorprende en su debut<\/strong><\/a><\/span><\/p>\n<p><span style=\"color: #ff0000;\"><strong>Goleadores tras la 1\u00aa jornada:<\/strong><\/span><\/p>\n<p>&#8211; <strong>Con 3<\/strong>: Messi (ARG) (Barcelona); &#8216;Kun&#8217; Ag\u00fcero (ARG) (1p) (Manchester City)<\/p>\n<p>&#8211; <strong>Con 2<\/strong>: Luis Su\u00e1rez (URU) (Barcelona); Kimmich (GER) (Bayern M\u00fanich); Mahrez (ALG) (1p) (Leicester); Milik (POL) (N\u00e1poles).<\/p>\n<p>&#8211; <strong>Con 1<\/strong>: Alexis S\u00e1nchez (CHI) (Arsenal); Sa\u00fal \u00d1\u00edguez (ESP) (Atl\u00e9tico de Madrid); Neymar (BRA) e Iniesta (ESP) (Barcelona); Steffen (SUI) (Basilea); Admir Mehmedi (SUI) y Hakan Calhanoglu (TUR) (Bayer Leverkusen); Lewandowski (POL) (1p), M\u00fcller (GER), Bernat (ESP) (Bayern M\u00fanich); Cervi (ARG) (Benfica); Talisca (BRA) (Besiktas); G\u00f6tze (GER), Papastathopoulos (GRE), Bartra (ESP), Raphael Guerreiro (POR), Gonzalo Castro (GER) y Aubameyang (GAB) (Borussia Dortmund); Cornelius (DIN) (Copenhague); Dzagoev (RUS), Roman Eremenko (RUS) (CSKA Mosc\u00fa); Garmash (UKR) (Dinamo Kiev); Albrighton (ING) (Leicester); Jonathan Cafu (BRA) (Ludogorets); Tolisso (FRA), Ferri (FRA) y Cornet (FRA) (Lyon); Iheanacho (NGR) (Manchester City); Bernardo Silva (POR) Lemar (FRA) (M\u00f3naco); Otavio (BRA) (Oporto) Cavani (URU) (PSG); Cristiano Ronaldo (POR) y Morata (Real Madrid); Bruno Cesar (POR) (Sporting); Alderweireld (BEL) (Tottenham).<\/p>\n","protected":false},"excerpt":{"rendered":"<p>Lionel Messi y Sergio Ag\u00fcero, lideran la tabla de goleo&#8230;<\/p>\n","protected":false},"author":144,"featured_media":429111,"comment_status":"closed","ping_status":"closed","sticky":false,"template":"","format":"standard","meta":[],"categories":[3841,3839,5951],"tags":[6012,947],"_links":{"self":[{"href":"http:\/\/desarrollo.grupomedios.com\/futbol\/wp-json\/wp\/v2\/posts\/429110"}],"collection":[{"href":"http:\/\/desarrollo.grupomedios.com\/futbol\/wp-json\/wp\/v2\/posts"}],"about":[{"href":"http:\/\/desarrollo.grupomedios.com\/futbol\/wp-json\/wp\/v2\/types\/post"}],"author":[{"embeddable":true,"href":"http:\/\/desarrollo.grupomedios.com\/futbol\/wp-json\/wp\/v2\/users\/144"}],"replies":[{"embeddable":true,"href":"http:\/\/desarrollo.grupomedios.com\/futbol\/wp-json\/wp\/v2\/comments?post=429110"}],"version-history":[{"count":0,"href":"http:\/\/desarrollo.grupomedios.com\/futbol\/wp-json\/wp\/v2\/posts\/429110\/revisions"}],"wp:featuredmedia":[{"embeddable":true,"href":"http:\/\/desarrollo.grupomedios.com\/futbol\/wp-json\/wp\/v2\/media\/429111"}],"wp:attachment":[{"href":"http:\/\/desarrollo.grupomedios.com\/futbol\/wp-json\/wp\/v2\/media?parent=429110"}],"wp:term":[{"taxonomy":"category","embeddable":true,"href":"http:\/\/desarrollo.grupomedios.com\/futbol\/wp-json\/wp\/v2\/categories?post=429110"},{"taxonomy":"post_tag","embeddable":true,"href":"http:\/\/desarrollo.grupomedios.com\/futbol\/wp-json\/wp\/v2\/tags?post=429110"}],"curies":[{"name":"wp","href":"https:\/\/api.w.org\/{rel}","templated":true}]}}