{"id":429225,"date":"2016-09-17T20:55:08","date_gmt":"2016-09-18T01:55:08","guid":{"rendered":"https:\/\/www.futboltotal.com.mx\/?p=429225"},"modified":"2016-09-17T22:59:10","modified_gmt":"2016-09-18T03:59:10","slug":"en-vivo-america-vs-leon-liga-mx-2","status":"publish","type":"post","link":"http:\/\/desarrollo.grupomedios.com\/futbol\/futbol-mexicano\/en-vivo-america-vs-leon-liga-mx-2\/2016\/09","title":{"rendered":"AS\u00cd SE VIVI\u00d3 | Am\u00e9rica 0-2 Le\u00f3n | Liga MX"},"content":{"rendered":"<p><span style=\"color: #ff0000;\">94:00<\/span> | Acaba el partido.<\/p>\n<p><span style=\"color: #ff0000;\">90:00<\/span> | Se agregan cuatro\u00a0minutos.<\/p>\n<p><span style=\"color: #ff0000;\">84:00<\/span> | Manuel P\u00e9rez se escapaba con la pelota pero se marc\u00f3 mano.<\/p>\n<p><span style=\"color: #ff0000;\">81:00<\/span> | Cambio del Am\u00e9rica debuta el que fuera canterano de Pumas, \u00a0Manuel P\u00e9rez.<\/p>\n<p><span style=\"color: #ff0000;\">79:00<\/span> | Y lo que ha marcado en los \u00faltimos torneos a la afici\u00f3n del Am\u00e9rica aparece, \u00a0pues pas\u00f3 del amor al odio y ya corea lo que hace Le\u00f3n.<\/p>\n<p><span style=\"color: #ff0000;\">75:00<\/span> | La que estaba armando Boselli que se quit\u00f3 a tres defensas pero nunca pudo rematar.<\/p>\n<p><span style=\"color: #ff0000;\">71:00<\/span> | Cambio del Le\u00f3n se va Novaretti e ingresa Nacho Gonz\u00e1lez.<\/p>\n<p><span style=\"color: #ff0000;\">70:00<\/span> | \u00a1Uy! Osvaldito se saboreaba el mano a mano pero se marc\u00f3 fuera de juego.<\/p>\n<p><span style=\"color: #ff0000;\">66:00<\/span> | Cambio del Le\u00f3n se va L\u00f3pez e ingresa V\u00e1ldez.<\/p>\n<p><span style=\"color: #ff0000;\">64:00<\/span> | William se queja que un l\u00e1ser le lastim\u00f3 los ojos.<\/p>\n<p><span style=\"color: #ff0000;\">61:00<\/span> | Hern\u00e1ndez estuvo cerca de firmar la goleada pero se la dej\u00f3 en las manos a Moi.<\/p>\n<p><span style=\"color: #ff0000;\">58:00<\/span> | Cambio del Am\u00e9rica se va G\u00fcemez e ingresar Da Silva.<\/p>\n<p><span style=\"color: #ff0000;\">55:00<\/span> | L\u00f3pez se gan\u00f3 la amarilla por una falta sobre Paul.<\/p>\n<p><span style=\"color: #ff0000;\">51:00<\/span> | Renato Ibarra ya se gan\u00f3 la amarilla por una falta en medio campo.<\/p>\n<p><span style=\"color: #ff0000;\">49:00<\/span> | \u00a1Gooooooooool del Le\u00f3n! Boselli lleg\u00f3 mano a mano y defini\u00f3 como crack ante Moi.<\/p>\n<blockquote class=\"twitter-tweet\" data-lang=\"es\">\n<p dir=\"ltr\" lang=\"es\"><a href=\"https:\/\/twitter.com\/hashtag\/JuegaEnTD?src=hash\">#JuegaEnTD<\/a> Tremenda definici\u00f3n de Boselli para el segundo \u00a1EN VIVO! por <a href=\"https:\/\/twitter.com\/tdn_twit\">@tdn_twit<\/a> <a href=\"https:\/\/t.co\/fdAN443s9w\">https:\/\/t.co\/fdAN443s9w<\/a> <a href=\"https:\/\/t.co\/ZZSa22V8v8\">https:\/\/t.co\/ZZSa22V8v8<\/a><\/p>\n<p>\u2014 Televisa Deportes (@TD_Deportes) <a href=\"https:\/\/twitter.com\/TD_Deportes\/status\/777343396192989184\">18 de septiembre de 2016<\/a><\/p><\/blockquote>\n<p><script async src=\"\/\/platform.twitter.com\/widgets.js\" charset=\"utf-8\"><\/script><\/p>\n<p><span style=\"color: #ff0000;\">48:00<\/span> | Las \u00c1guilas salieron m\u00e1s agresivas, pero Le\u00f3n no se inmuta.<\/p>\n<p><span style=\"color: #ff0000;\">45:00<\/span> | Arranca el segundo tiempo.<\/p>\n<p><span style=\"color: #ff0000;\">45:00<\/span> | Acaba el primer tiempo.<\/p>\n<p><span style=\"color: #ff0000;\">42:00<\/span> | Por fin apareci\u00f3 Michael Arroyo, pero lo hizo en fuera de juego.<\/p>\n<p><span style=\"color: #ff0000;\">38:00<\/span> | El partido baj\u00f3 de ritmo y se disputa en el medio campo.<\/p>\n<p><span style=\"color: #ff0000;\">35:00<\/span> | Tiro libre para los Panzas Verdes&#8230; que no trasciende.<\/p>\n<p><span style=\"color: #ff0000;\">33:00<\/span> | Le\u00f3n mantiene la presi\u00f3n en el \u00e1rea, pero nadie se \u00e1nima a disparar.<\/p>\n<p><span style=\"color: #ff0000;\">29:00<\/span> | \u00a1Uy! Ezequiel se relam\u00eda los labios porque llegaba s\u00f3lo, pero el cruce de Goltz acab\u00f3 con el peligro.<\/p>\n<p><span style=\"color: #ff0000;\">26:00<\/span> | Ambr\u00edz debe modificar su estrategia, porque de seguir as\u00ed le har\u00e1n otro tanto.<\/p>\n<p><span style=\"color: #ff0000;\">23:00<\/span> | Le\u00f3n domina el encuentro, clave es el medio campo donde recupera todo.<\/p>\n<p><span style=\"color: #ff0000;\">20:00<\/span> | Paul Aguilar intenta pesar por las bandas, pero los contragolpes asustan a los Azulcremas.<\/p>\n<p><span style=\"color: #ff0000;\">15:00<\/span> | Las \u00c1guilas sufren para detener el ataque rival.<\/p>\n<p><span style=\"color: #ff0000;\">10:00<\/span> | \u00a1Gooooooooooooool del Le\u00f3n! Boselli le peg\u00f3 de primera y la puso en el \u00e1ngulo.<\/p>\n<blockquote class=\"twitter-tweet\" data-lang=\"es\">\n<p dir=\"ltr\" lang=\"es\">As\u00ed fue como Boselli abri\u00f3 el marcador.<\/p>\n<p>S\u00edguelo en vivo por <a href=\"https:\/\/twitter.com\/hashtag\/TDN?src=hash\">#TDN<\/a> <a href=\"https:\/\/t.co\/3N63tzEuLD\">pic.twitter.com\/3N63tzEuLD<\/a><\/p>\n<p>\u2014 TDN (@tdn_twit) <a href=\"https:\/\/twitter.com\/tdn_twit\/status\/777329951116632064\">18 de septiembre de 2016<\/a><\/p><\/blockquote>\n<p><script async src=\"\/\/platform.twitter.com\/widgets.js\" charset=\"utf-8\"><\/script><\/p>\n<p><span style=\"color: #ff0000;\">03:00<\/span> | Desde el inicio la Fiera advierte que saldr\u00e1 a proponer una estrategia ofensiva.<\/p>\n<p><span style=\"color: #ff0000;\">00:00<\/span> | Inicia el partido.<\/p>\n<p>Alineaci\u00f3n Am\u00e9rica: Mu\u00f1oz, Paul Aguilar, Goltz, Aguilar, Vald\u00e9z, Ibarra, Mart\u00ednez, G\u00fcemez, Arroyo, Romero y Peralta.<\/p>\n<p>Alineaci\u00f3n Le\u00f3n: Yarbrough, Navarro, Velarde, Novaretti, Burdiso, L\u00f3pez, Mej\u00eda, Montes, Hern\u00e1ndez, Cano y Boselli.<\/p>\n<p>\u00bfVolver\u00e1n a sufrir las \u00c1guilas para llevarse el triunfo?<\/p>\n<p>Bienvenidos al minuto a minuto del Am\u00e9rica vs Le\u00f3n.<\/p>\n<p>Despu\u00e9s de una voltereta memorable, <a href=\"http:\/\/futboltotal.com.mx\/equipos\/america\/\" target=\"_blank\"><strong>Am\u00e9rica<\/strong><\/a> recibir\u00e1 a uno de sus mayores rivales en los recientes torneos: <a href=\"http:\/\/futboltotal.com.mx\/equipos\/leon\/\" target=\"_blank\"><strong>Le\u00f3n<\/strong><\/a>. Este duelo formar\u00e1 parte de la<strong> jornada 9 del Apertura 2016<\/strong>, ah\u00ed la Fiera intentar\u00e1 seguir en el sendero del triunfo.<\/p>\n<p>El s\u00e1bado (21:00 horas), el Estadio Azteca lucir\u00e1 lleno, pues la directiva regal\u00f3 los boletos como muestra de disculpa tras la goleada en el Cl\u00e1sico Nacional, promoci\u00f3n que no dej\u00f3 pasar el p\u00fablico\u00a0<em>azulcrema<\/em>, que quiere seguir con los festejos del Centenario.<\/p>\n<p>Le\u00f3n consigui\u00f3 abandonar el s\u00f3tano gracias a las estrategias Javier Torrente, quien es viejo conocido de Miguel Samudio, el cual advirti\u00f3 que se trata de un t\u00e9cnico que puede unificar el pensamiento de un grupo, situaci\u00f3n que requiere\u00a0<strong>Le\u00f3n<\/strong> en este certamen.<\/p>\n<p>\u201cSu mejor cualidad es que le sabe llegar al jugador, siempre te da confianza y uno solo entra en la cancha y desarrolla lo que se trabaj\u00f3 en la semana. Recuerdo que con \u00e9l entraba m\u00e1s suelto, confiado, les va a venir bien. Estuve hablando con <em>Rifle<\/em> Andrade, me pregunt\u00f3 sobre \u00e9l y le dije que es una excelente persona y eso es lo importante\u201d, coment\u00f3 el defensa del <strong>Am\u00e9rica<\/strong>, Samudio.<\/p>\n<p>\u00bfCu\u00e1l es tu pron\u00f3stico para el <strong>Am\u00e9rica vs Le\u00f3n<\/strong>, <em>crack<\/em>?<\/p>\n","protected":false},"excerpt":{"rendered":"<p>Las \u00c1guilas no pudieron en el Azteca<\/p>\n","protected":false},"author":20,"featured_media":429706,"comment_status":"closed","ping_status":"closed","sticky":false,"template":"","format":"standard","meta":[],"categories":[2198,3845],"tags":[],"_links":{"self":[{"href":"http:\/\/desarrollo.grupomedios.com\/futbol\/wp-json\/wp\/v2\/posts\/429225"}],"collection":[{"href":"http:\/\/desarrollo.grupomedios.com\/futbol\/wp-json\/wp\/v2\/posts"}],"about":[{"href":"http:\/\/desarrollo.grupomedios.com\/futbol\/wp-json\/wp\/v2\/types\/post"}],"author":[{"embeddable":true,"href":"http:\/\/desarrollo.grupomedios.com\/futbol\/wp-json\/wp\/v2\/users\/20"}],"replies":[{"embeddable":true,"href":"http:\/\/desarrollo.grupomedios.com\/futbol\/wp-json\/wp\/v2\/comments?post=429225"}],"version-history":[{"count":0,"href":"http:\/\/desarrollo.grupomedios.com\/futbol\/wp-json\/wp\/v2\/posts\/429225\/revisions"}],"wp:featuredmedia":[{"embeddable":true,"href":"http:\/\/desarrollo.grupomedios.com\/futbol\/wp-json\/wp\/v2\/media\/429706"}],"wp:attachment":[{"href":"http:\/\/desarrollo.grupomedios.com\/futbol\/wp-json\/wp\/v2\/media?parent=429225"}],"wp:term":[{"taxonomy":"category","embeddable":true,"href":"http:\/\/desarrollo.grupomedios.com\/futbol\/wp-json\/wp\/v2\/categories?post=429225"},{"taxonomy":"post_tag","embeddable":true,"href":"http:\/\/desarrollo.grupomedios.com\/futbol\/wp-json\/wp\/v2\/tags?post=429225"}],"curies":[{"name":"wp","href":"https:\/\/api.w.org\/{rel}","templated":true}]}}