{"id":429245,"date":"2016-09-14T21:15:03","date_gmt":"2016-09-15T02:15:03","guid":{"rendered":"https:\/\/www.futboltotal.com.mx\/?p=429245"},"modified":"2016-09-14T21:24:45","modified_gmt":"2016-09-15T02:24:45","slug":"resultado-copa-mx-chiapas-2-2-chivas","status":"publish","type":"post","link":"http:\/\/desarrollo.grupomedios.com\/futbol\/destacado-home\/resultado-copa-mx-chiapas-2-2-chivas\/2016\/09","title":{"rendered":"\u00a1Chiapas y Chivas reparten puntos en la Selva!"},"content":{"rendered":"<p>En el estadio V\u00edctor Manuel Reyna, <a href=\"http:\/\/www.futboltotal.com.mx\/equipos\/chiapas\/\" target=\"_blank\"><strong>Chiapas<\/strong><\/a> recibi\u00f3 a <a href=\"http:\/\/www.futboltotal.com.mx\/equipos\/guadalajara\/\" target=\"_blank\"><strong>Chivas<\/strong><\/a>, en el tercer duelo semestral entre estos dos equipos, donde el <em>Jaguar<\/em> quer\u00eda llevarse la victoria, como muestra de apoyo al director t\u00e9cnico, Jos\u00e9 Saturnino Cardozo, quien hab\u00eda sido cesado al inicio de la semana; y\u00a0 los chiapanecos dieron un buen juego, por lo que consiguieron un empate que suficiente para darles el primer lugar de su grupo.<\/p>\n<p><strong>Chiapas<\/strong> tom\u00f3 la iniciativa del encuentro y al minuto 18, Jes\u00fas Escoboza abri\u00f3 el marcador a trav\u00e9s de los once pasos, luego de que Osvaldo Alan\u00eds cometiera infracci\u00f3n en el \u00e1rea. Con ello, parecer\u00eda que el <em>Jaguar<\/em> tomar\u00eda el dominio del encuentro, pero eso s\u00f3lo despert\u00f3 a las <strong>Chivas<\/strong>.<\/p>\n<blockquote class=\"twitter-video\" data-lang=\"es\">\n<p dir=\"ltr\" lang=\"es\"><a href=\"https:\/\/twitter.com\/hashtag\/PorSiNoLoViste?src=hash\">#PorSiNoLoViste<\/a> G\u26bd\u26bd\u26bdL de Jes\u00fas Escoboza<a href=\"https:\/\/twitter.com\/Chiapas_FC\">@Chiapas_FC<\/a> 1-0 <a href=\"https:\/\/twitter.com\/Chivas\">@Chivas<\/a><a href=\"https:\/\/twitter.com\/hashtag\/Jornada6?src=hash\">#Jornada6<\/a> <a href=\"https:\/\/twitter.com\/hashtag\/CopaCoronaMX?src=hash\">#CopaCoronaMX<\/a><a href=\"https:\/\/twitter.com\/hashtag\/Mi%C3%A9rcolesDeFut?src=hash\">#Mi\u00e9rcolesDeFut<\/a> <a href=\"https:\/\/t.co\/YdtZlnup7M\">pic.twitter.com\/YdtZlnup7M<\/a><\/p>\n<p>\u2014 #CopaCoronaMX (@LaCopaMX) <a href=\"https:\/\/twitter.com\/LaCopaMX\/status\/776215449126047744\">15 de septiembre de 2016<\/a><\/p><\/blockquote>\n<p><script async src=\"\/\/platform.twitter.com\/widgets.js\" charset=\"utf-8\"><\/script><\/p>\n<p>La anotaci\u00f3n en contra hizo reacci\u00f3nar al <em>Reba\u00f1o Sagrado<\/em>, que logr\u00f3 empatar el juego gracias a un tiro de esquina, donde Carlos Salcido demostr\u00f3 experiencia, y al 32&#8242; igual\u00f3 el marcador, lo que provoc\u00f3 mejor\u00eda en su equipo.<\/p>\n<blockquote class=\"twitter-video\" data-lang=\"es\">\n<p dir=\"ltr\" lang=\"es\"><a href=\"https:\/\/twitter.com\/hashtag\/PorSiNoLoViste?src=hash\">#PorSiNoLoViste<\/a> G\u26bd\u26bd\u26bdL de Carlos Salcido<a href=\"https:\/\/twitter.com\/Chiapas_FC\">@Chiapas_FC<\/a> 1-1 <a href=\"https:\/\/twitter.com\/Chivas\">@Chivas<\/a><a href=\"https:\/\/twitter.com\/hashtag\/Jornada6?src=hash\">#Jornada6<\/a> <a href=\"https:\/\/twitter.com\/hashtag\/CopaCoronaMX?src=hash\">#CopaCoronaMX<\/a><a href=\"https:\/\/twitter.com\/hashtag\/Mi%C3%A9rcolesDeFut?src=hash\">#Mi\u00e9rcolesDeFut<\/a> <a href=\"https:\/\/t.co\/62AlRq1gZV\">pic.twitter.com\/62AlRq1gZV<\/a><\/p>\n<p>\u2014 #CopaCoronaMX (@LaCopaMX) <a href=\"https:\/\/twitter.com\/LaCopaMX\/status\/776219046404509696\">15 de septiembre de 2016<\/a><\/p><\/blockquote>\n<p><script async src=\"\/\/platform.twitter.com\/widgets.js\" charset=\"utf-8\"><\/script><\/p>\n<p>De manera inmediata, <strong>Chivas<\/strong> se fue hacia el frente y al 34&#8242;, Marco Bueno recibi\u00f3 falta dentro del \u00e1rea y el \u00e1rbitro decret\u00f3 penal a favor de los rojiblancos. Un minuto despu\u00e9s, Alan Pulido realiz\u00f3 un estupendo cobro y as\u00ed le dio la vuelta al marcador.<\/p>\n<blockquote class=\"twitter-video\" data-lang=\"es\">\n<p dir=\"ltr\" lang=\"es\"><a href=\"https:\/\/twitter.com\/hashtag\/PorSiNoLoViste?src=hash\">#PorSiNoLoViste<\/a> G\u26bd\u26bd\u26bdL de Alan Pulido<a href=\"https:\/\/twitter.com\/Chiapas_FC\">@Chiapas_FC<\/a> 1-2 <a href=\"https:\/\/twitter.com\/Chivas\">@Chivas<\/a><a href=\"https:\/\/twitter.com\/hashtag\/Jornada6?src=hash\">#Jornada6<\/a> <a href=\"https:\/\/twitter.com\/hashtag\/CopaCoronaMX?src=hash\">#CopaCoronaMX<\/a><a href=\"https:\/\/twitter.com\/hashtag\/Mi%C3%A9rcolesDeFut?src=hash\">#Mi\u00e9rcolesDeFut<\/a> <a href=\"https:\/\/t.co\/JwjWT9SN4y\">pic.twitter.com\/JwjWT9SN4y<\/a><\/p>\n<p>\u2014 #CopaCoronaMX (@LaCopaMX) <a href=\"https:\/\/twitter.com\/LaCopaMX\/status\/776219360046166016\">15 de septiembre de 2016<\/a><\/p><\/blockquote>\n<p><script async src=\"\/\/platform.twitter.com\/widgets.js\" charset=\"utf-8\"><\/script><\/p>\n<p>Para la parte complementaria, el ritmo de juego baj\u00f3 y parec\u00eda que el encuentro terminar\u00eda con el marcador con el que finaliz\u00f3 la primera parte; sin embargo, el <em>Jaguar<\/em> se levant\u00f3, aprovech\u00f3 la local\u00eda y logr\u00f3 empatar el juego al 73&#8242;, gracias a una anotaci\u00f3n de Jes\u00fas Escoboza, en la que incluso arriesgo el f\u00edsico para anotar.<\/p>\n<blockquote class=\"twitter-video\" data-lang=\"es\">\n<p dir=\"ltr\" lang=\"es\"><a href=\"https:\/\/twitter.com\/hashtag\/PorSiNoLoViste?src=hash\">#PorSiNoLoViste<\/a> G\u26bd\u26bd\u26bdL de Jes\u00fas Escoboza<a href=\"https:\/\/twitter.com\/Chiapas_FC\">@Chiapas_FC<\/a> 2-2 <a href=\"https:\/\/twitter.com\/Chivas\">@Chivas<\/a><a href=\"https:\/\/twitter.com\/hashtag\/Jornada6?src=hash\">#Jornada6<\/a> <a href=\"https:\/\/twitter.com\/hashtag\/CopaCoronaMX?src=hash\">#CopaCoronaMX<\/a><a href=\"https:\/\/twitter.com\/hashtag\/Mi%C3%A9rcolesDeFut?src=hash\">#Mi\u00e9rcolesDeFut<\/a> <a href=\"https:\/\/t.co\/MMcwsrqbnw\">pic.twitter.com\/MMcwsrqbnw<\/a><\/p>\n<p>\u2014 #CopaCoronaMX (@LaCopaMX) <a href=\"https:\/\/twitter.com\/LaCopaMX\/status\/776234003393196032\">15 de septiembre de 2016<\/a><\/p><\/blockquote>\n<p><script async src=\"\/\/platform.twitter.com\/widgets.js\" charset=\"utf-8\"><\/script><\/p>\n<p>Con este resultado, Chiapas clasifica a los Osctavos de Final como el primer lugar de su grupo, al llegar a seis unidades, mientras que Chivas avanza como segundo, tras alcanzar cinco puntos.<\/p>\n<blockquote class=\"twitter-tweet\" data-lang=\"es\">\n<p dir=\"ltr\" lang=\"es\">2-2 entre <a href=\"https:\/\/twitter.com\/Chiapas_FC\">@Chiapas_FC<\/a> y <a href=\"https:\/\/twitter.com\/Chivas\">@Chivas<\/a> y ambos califican como 1ero y 2do del Grupo 2 a la Fase Final de <a href=\"https:\/\/twitter.com\/hashtag\/CopaCoronaMX?src=hash\">#CopaCoronaMX<\/a> <a href=\"https:\/\/t.co\/GhQFbopien\">pic.twitter.com\/GhQFbopien<\/a><\/p>\n<p>\u2014 #CopaCoronaMX (@LaCopaMX) <a href=\"https:\/\/twitter.com\/LaCopaMX\/status\/776237869065265153\">15 de septiembre de 2016<\/a><\/p><\/blockquote>\n<p><script async src=\"\/\/platform.twitter.com\/widgets.js\" charset=\"utf-8\"><\/script><\/p>\n<p style=\"text-align: center;\"><span style=\"color: #3366ff;\"><a style=\"color: #3366ff;\" href=\"https:\/\/www.futboltotal.com.mx\/2016\/09\/en-vivo-chiapas-vs-chivas-copa-mx\/\" target=\"_blank\"><strong>LEER M\u00c1S: AS\u00cd SE VIVI\u00d3 | Chiapas 2-2 Chivas<\/strong><\/a><\/span><\/p>\n<div id=\"galleryyPL\" style=\"display:none;\"><img alt=\"\" src=\"http:\/\/desarrollo.grupomedios.com\/futbol\/wp-content\/uploads\/2016\/09\/chiapas-vs-chivas-en-vivo.jpg\" data-image=\"http:\/\/desarrollo.grupomedios.com\/futbol\/wp-content\/uploads\/2016\/09\/chiapas-vs-chivas-en-vivo.jpg\" data-description=\"chiapas-vs-chivas-en-vivo\"><img alt=\"\" src=\"http:\/\/desarrollo.grupomedios.com\/futbol\/wp-content\/uploads\/2016\/09\/chiapas-vs-chivas-en-vivo-copa-mx.jpg\" data-image=\"http:\/\/desarrollo.grupomedios.com\/futbol\/wp-content\/uploads\/2016\/09\/chiapas-vs-chivas-en-vivo-copa-mx.jpg\" data-description=\"chiapas-vs-chivas-en-vivo-copa-mx\"><img alt=\"\" src=\"http:\/\/desarrollo.grupomedios.com\/futbol\/wp-content\/uploads\/2016\/09\/chiapas-vs-chivas-copa-mx.jpg\" data-image=\"http:\/\/desarrollo.grupomedios.com\/futbol\/wp-content\/uploads\/2016\/09\/chiapas-vs-chivas-copa-mx.jpg\" data-description=\"chiapas-vs-chivas-copa-mx\"><img alt=\"\" src=\"http:\/\/desarrollo.grupomedios.com\/futbol\/wp-content\/uploads\/2016\/09\/en-vivo-chiapas-vs-chivas-copa-mx.jpg\" data-image=\"http:\/\/desarrollo.grupomedios.com\/futbol\/wp-content\/uploads\/2016\/09\/en-vivo-chiapas-vs-chivas-copa-mx.jpg\" data-description=\"en-vivo-chiapas-vs-chivas-copa-mx\"><img alt=\"\" src=\"http:\/\/desarrollo.grupomedios.com\/futbol\/wp-content\/uploads\/2016\/09\/en-vivo-chiapas-vs-chivas.jpg\" data-image=\"http:\/\/desarrollo.grupomedios.com\/futbol\/wp-content\/uploads\/2016\/09\/en-vivo-chiapas-vs-chivas.jpg\" data-description=\"en-vivo-chiapas-vs-chivas\"><\/div>\n        <script>\n        \/\/galeria 1\n        jQuery(document).ready(function(){ \n            var api;\n            api = jQuery(\"#galleryyPL\").unitegallery({\n                carousel_autoplay: false\n            }); \n        });\n        <\/script>\n        \n<p><strong>Alineaciones:<\/strong><\/p>\n<p><strong>Chiapas:<\/strong> Jim\u00e9nez; Paredes, Pereira, Nava (Rodr\u00edguez, 81&#8242;), Sandez, Zamorra, De la Torre (Diniz, 68&#8242;), Escoboza, Villalpando, Ayov\u00ed; Orozco. DT. Jos\u00e9 Cardozo.<\/p>\n<p><strong>Chivas:<\/strong> Rodr\u00edguez, Alan\u00eds, Salcido, Ponce, Calder\u00f3n, V\u00e1zquez, Villanueva (L\u00f3pez, 84&#8242;), Pe\u00f1a (Zald\u00edvar, 84&#8242;), Zendejas (Brizuela, 63&#8242;), Pulido, Bueno. DT. Mat\u00edas Almeyda.<\/p>\n","protected":false},"excerpt":{"rendered":"<p>Alan Pulido anot\u00f3 su primer tanto como rojiblanco<\/p>\n","protected":false},"author":20,"featured_media":429248,"comment_status":"closed","ping_status":"closed","sticky":false,"template":"","format":"standard","meta":[],"categories":[4247,5,2198],"tags":[5964,70,64],"_links":{"self":[{"href":"http:\/\/desarrollo.grupomedios.com\/futbol\/wp-json\/wp\/v2\/posts\/429245"}],"collection":[{"href":"http:\/\/desarrollo.grupomedios.com\/futbol\/wp-json\/wp\/v2\/posts"}],"about":[{"href":"http:\/\/desarrollo.grupomedios.com\/futbol\/wp-json\/wp\/v2\/types\/post"}],"author":[{"embeddable":true,"href":"http:\/\/desarrollo.grupomedios.com\/futbol\/wp-json\/wp\/v2\/users\/20"}],"replies":[{"embeddable":true,"href":"http:\/\/desarrollo.grupomedios.com\/futbol\/wp-json\/wp\/v2\/comments?post=429245"}],"version-history":[{"count":0,"href":"http:\/\/desarrollo.grupomedios.com\/futbol\/wp-json\/wp\/v2\/posts\/429245\/revisions"}],"wp:featuredmedia":[{"embeddable":true,"href":"http:\/\/desarrollo.grupomedios.com\/futbol\/wp-json\/wp\/v2\/media\/429248"}],"wp:attachment":[{"href":"http:\/\/desarrollo.grupomedios.com\/futbol\/wp-json\/wp\/v2\/media?parent=429245"}],"wp:term":[{"taxonomy":"category","embeddable":true,"href":"http:\/\/desarrollo.grupomedios.com\/futbol\/wp-json\/wp\/v2\/categories?post=429245"},{"taxonomy":"post_tag","embeddable":true,"href":"http:\/\/desarrollo.grupomedios.com\/futbol\/wp-json\/wp\/v2\/tags?post=429245"}],"curies":[{"name":"wp","href":"https:\/\/api.w.org\/{rel}","templated":true}]}}