{"id":429306,"date":"2016-09-15T12:48:29","date_gmt":"2016-09-15T17:48:29","guid":{"rendered":"https:\/\/www.futboltotal.com.mx\/?p=429306"},"modified":"2016-09-15T12:54:51","modified_gmt":"2016-09-15T17:54:51","slug":"james-volvera-a-la-titularidad-con-real-madrid","status":"publish","type":"post","link":"http:\/\/desarrollo.grupomedios.com\/futbol\/futbol-internacional\/james-volvera-a-la-titularidad-con-real-madrid\/2016\/09","title":{"rendered":"Zidane recompensa a James"},"content":{"rendered":"<p><strong>Zinedine Zidane<\/strong>, t\u00e9cnico del Real Madrid, ya da vueltas a las rotaciones y los cambios que realizar\u00e1 en su equipo titular para medirse el domingo al Espanyol en la cuarta jornada de La Liga, que todo indica no disputar\u00e1 Gareth Bale, con<strong> James Rodr\u00edguez<\/strong> ganando opciones de su primera titularidad.<\/p>\n<p>Bale no pudo acabar el partido de Liga de Campeones ante el Sporting de Portugal, tras recibir un fort\u00edsimo golpe en la cadera derecha del uruguayo Sebasti\u00e1n Coates. Se prob\u00f3 en la segunda parte, pero el fuerte dolor le impidi\u00f3 jugar en plenitud de condiciones y acab\u00f3 siendo sustituido por Zidane.<\/p>\n<p style=\"text-align: center;\"><a href=\"https:\/\/www.futboltotal.com.mx\/futbol-internacional\/\"><span style=\"color: #3366ff;\"><strong>LEER M\u00c1S: Todas las noticias de futbol internacional<\/strong><\/span><\/a><\/p>\n<p>A falta de realizarse unas pruebas que confirmen las dolencias, Bale descansar\u00e1 el fin de semana y no viajar\u00eda a Barcelona para enfrentar al Espanyol. La <em>BBC<\/em>, que reapareci\u00f3 este mi\u00e9rcoles tras 109 d\u00edas sin jugar juntos, se separar\u00e1 de nuevo e incluso Zidane medita la posibilidad de dejar en el banquillo al franc\u00e9s Karim Benzema y devolver al equipo a \u00c1lvaro Morata, autor del tanto del triunfo en el estreno en Liga de Campeones, que cambi\u00f3 el encuentro con su entrada al campo.<\/p>\n<p><a href=\"https:\/\/www.futboltotal.com.mx\/wp-content\/uploads\/2016\/09\/Real-Madrid-2.jpg\"><img decoding=\"async\" loading=\"lazy\" class=\"alignnone size-full wp-image-429048\" src=\"https:\/\/www.futboltotal.com.mx\/wp-content\/uploads\/2016\/09\/Real-Madrid-2.jpg\" alt=\"real-madrid\" srcset=\"http:\/\/desarrollo.grupomedios.com\/futbol\/wp-content\/uploads\/2016\/09\/Real-Madrid-2.jpg 858w, http:\/\/desarrollo.grupomedios.com\/futbol\/wp-content\/uploads\/2016\/09\/Real-Madrid-2-300x151.jpg 300w, http:\/\/desarrollo.grupomedios.com\/futbol\/wp-content\/uploads\/2016\/09\/Real-Madrid-2-768x386.jpg 768w, http:\/\/desarrollo.grupomedios.com\/futbol\/wp-content\/uploads\/2016\/09\/Real-Madrid-2-340x171.jpg 340w\" sizes=\"(max-width: 858px) 100vw, 858px\" \/><\/a><\/p>\n<p>Aunque para sustituir a Bale el favorito es el colombiano <strong>James<\/strong>. Aprovech\u00f3 cada uno de los minutos que tuvo en la recta final del duelo ante el Sporting, particip\u00f3 en todas las acciones de ataque y acab\u00f3 dando la asistencia del gol a Morata. Sus compa\u00f1eros tuvieron numerosos gestos de cari\u00f1o sobre el c\u00e9sped al final del partido, mostrando su felicidad con un jugador que pasa por duros momentos tras cambiar su rol en la plantilla.<\/p>\n<p>Zidane reconoci\u00f3 el esfuerzo de James en rueda de prensa y dej\u00f3 entrever la posibilidad de que el domingo tenga su primera titularidad de la temporada en la visita al Espanyol.<\/p>\n<p>Desde este viernes la preparar\u00e1 el <strong>Real Madrid<\/strong>, con una sesi\u00f3n a las 11:00 horas en la ciudad deportiva, en la que Zidane comenzar\u00e1 a decidir las rotaciones que introduce. Recuperar\u00e1 a Isco Alarc\u00f3n, preparado para volver a jugar tras superar su lesi\u00f3n de tobillo, y Marco Asensio tambi\u00e9n puede tener minutos ante el equipo en el que triunf\u00f3 la pasada campa\u00f1a, para dar descanso a Toni Kroos.<\/p>\n","protected":false},"excerpt":{"rendered":"<p>El mediocampista colombiano se lo gana a pulso tras el partido ante Sporting <\/p>\n","protected":false},"author":20,"featured_media":429313,"comment_status":"closed","ping_status":"closed","sticky":false,"template":"","format":"standard","meta":[],"categories":[3839,3844,5951],"tags":[67,6082,5988],"_links":{"self":[{"href":"http:\/\/desarrollo.grupomedios.com\/futbol\/wp-json\/wp\/v2\/posts\/429306"}],"collection":[{"href":"http:\/\/desarrollo.grupomedios.com\/futbol\/wp-json\/wp\/v2\/posts"}],"about":[{"href":"http:\/\/desarrollo.grupomedios.com\/futbol\/wp-json\/wp\/v2\/types\/post"}],"author":[{"embeddable":true,"href":"http:\/\/desarrollo.grupomedios.com\/futbol\/wp-json\/wp\/v2\/users\/20"}],"replies":[{"embeddable":true,"href":"http:\/\/desarrollo.grupomedios.com\/futbol\/wp-json\/wp\/v2\/comments?post=429306"}],"version-history":[{"count":0,"href":"http:\/\/desarrollo.grupomedios.com\/futbol\/wp-json\/wp\/v2\/posts\/429306\/revisions"}],"wp:featuredmedia":[{"embeddable":true,"href":"http:\/\/desarrollo.grupomedios.com\/futbol\/wp-json\/wp\/v2\/media\/429313"}],"wp:attachment":[{"href":"http:\/\/desarrollo.grupomedios.com\/futbol\/wp-json\/wp\/v2\/media?parent=429306"}],"wp:term":[{"taxonomy":"category","embeddable":true,"href":"http:\/\/desarrollo.grupomedios.com\/futbol\/wp-json\/wp\/v2\/categories?post=429306"},{"taxonomy":"post_tag","embeddable":true,"href":"http:\/\/desarrollo.grupomedios.com\/futbol\/wp-json\/wp\/v2\/tags?post=429306"}],"curies":[{"name":"wp","href":"https:\/\/api.w.org\/{rel}","templated":true}]}}