{"id":429507,"date":"2016-09-16T21:56:21","date_gmt":"2016-09-17T02:56:21","guid":{"rendered":"https:\/\/www.futboltotal.com.mx\/?p=429507"},"modified":"2016-09-16T21:56:21","modified_gmt":"2016-09-17T02:56:21","slug":"poker-cavani-le-da-triunfo-al-psg","status":"publish","type":"post","link":"http:\/\/desarrollo.grupomedios.com\/futbol\/futbol-internacional\/poker-cavani-le-da-triunfo-al-psg\/2016\/09","title":{"rendered":"P\u00f3ker de Cavani le da triunfo al PSG"},"content":{"rendered":"<p>El uruguayo <b>Edinson Cavani <\/b>firm\u00f3 cuatro goles en cuarenta y cinco minutos para sellar la goleada del <strong>Paris Saint Germain<\/strong> en Caen (0-6), en el encuentro adelantado de la quinta jornada de la Liga de Francia.<\/p>\n<p>El cuadro de Unai Emery acab\u00f3, de forma contundente, con su mala racha. No ganaba desde el 21 de agosto, cuando se impuso al <b>Metz<\/b>. Despu\u00e9s, perdi\u00f3 en M\u00f3naco, empat\u00f3 en su campo ante el Saint Etienne y igual\u00f3, tambi\u00e9n en Par\u00eds, con el Arsenal en la\u00a0Champions League.<\/p>\n<blockquote class=\"twitter-tweet\" data-lang=\"es\">\n<p dir=\"ltr\" lang=\"es\">\u00a1VICTORIA! El <a href=\"https:\/\/twitter.com\/hashtag\/PSG?src=hash\">#PSG<\/a> vuelve a la senda del triunfo y suma su tercera victoria de la temporada. Caen 0-6 <a href=\"https:\/\/twitter.com\/hashtag\/PSG?src=hash\">#PSG<\/a>. <a href=\"https:\/\/twitter.com\/hashtag\/SMCPSG?src=hash\">#SMCPSG<\/a><\/p>\n<p>\u2014 PSG Espanol (@PSG_espanol) <a href=\"https:\/\/twitter.com\/PSG_espanol\/status\/776882783939538944\">16 de septiembre de 2016<\/a><\/p><\/blockquote>\n<p><script async src=\"\/\/platform.twitter.com\/widgets.js\" charset=\"utf-8\"><\/script><\/p>\n<p>De esta forma, el cuadro del espa\u00f1ol Unai Emery se situ\u00f3 como l\u00edder de la Ligue 1. La diferencia de goles le sit\u00faa por delante del M\u00f3naco, que el s\u00e1bado recibe al Rennes.<\/p>\n<p><b>Cavani <\/b>dej\u00f3 en evidencia al Caen, que hab\u00eda ganado sus dos encuentros como local, antes del intermedio. El lateral brasile\u00f1o Maxwell asisti\u00f3 al uruguayo en dos de ellos. Otro fue a pase del belga Thomas Meunier. Complet\u00f3 su cuenta desde el punto de penalti.<\/p>\n<p>El atacante uruguayo, que acumula nueve goles en los \u00faltimos ocho partidos, fue sustituido en el descanso por el espa\u00f1ol Jes\u00e9 Rodr\u00edguez. Con el partido sentenciado <b>Emery <\/b>empez\u00f3 a dosificar al equipo, que el martes, en jornada tambi\u00e9n de liga, recibe al Dijon.<\/p>\n<blockquote class=\"twitter-tweet\" data-lang=\"es\">\n<p dir=\"ltr\" lang=\"es\">Gracias a mis compa\u00f1eros est\u00e1 \u26bd\ufe0f se va a casa. Felicitaciones muchachos. Allez Paris!! <a href=\"https:\/\/twitter.com\/hashtag\/SMCPSG?src=hash\">#SMCPSG<\/a> <a href=\"https:\/\/t.co\/HsK7Defblo\">pic.twitter.com\/HsK7Defblo<\/a><\/p>\n<p>\u2014 Edi Cavani Official (@ECavaniOfficial) <a href=\"https:\/\/twitter.com\/ECavaniOfficial\/status\/776909022217768960\">16 de septiembre de 2016<\/a><\/p><\/blockquote>\n<p><script async src=\"\/\/platform.twitter.com\/widgets.js\" charset=\"utf-8\"><\/script><\/p>\n<p>Di Mar\u00eda abandon\u00f3 tambi\u00e9n el campo a la hora de partido sustituido por Jean-Kevin Augustin, que redonde\u00f3 la goleada con el sexto gol, minutos despu\u00e9s de que el brasile\u00f1o Lucas Moura hiciera el quinto.R<\/p>\n","protected":false},"excerpt":{"rendered":"<p>PSG gan\u00f3 de visita 0-6<\/p>\n","protected":false},"author":20,"featured_media":429509,"comment_status":"closed","ping_status":"closed","sticky":false,"template":"","format":"standard","meta":[],"categories":[3839,5951],"tags":[2449,114],"_links":{"self":[{"href":"http:\/\/desarrollo.grupomedios.com\/futbol\/wp-json\/wp\/v2\/posts\/429507"}],"collection":[{"href":"http:\/\/desarrollo.grupomedios.com\/futbol\/wp-json\/wp\/v2\/posts"}],"about":[{"href":"http:\/\/desarrollo.grupomedios.com\/futbol\/wp-json\/wp\/v2\/types\/post"}],"author":[{"embeddable":true,"href":"http:\/\/desarrollo.grupomedios.com\/futbol\/wp-json\/wp\/v2\/users\/20"}],"replies":[{"embeddable":true,"href":"http:\/\/desarrollo.grupomedios.com\/futbol\/wp-json\/wp\/v2\/comments?post=429507"}],"version-history":[{"count":0,"href":"http:\/\/desarrollo.grupomedios.com\/futbol\/wp-json\/wp\/v2\/posts\/429507\/revisions"}],"wp:featuredmedia":[{"embeddable":true,"href":"http:\/\/desarrollo.grupomedios.com\/futbol\/wp-json\/wp\/v2\/media\/429509"}],"wp:attachment":[{"href":"http:\/\/desarrollo.grupomedios.com\/futbol\/wp-json\/wp\/v2\/media?parent=429507"}],"wp:term":[{"taxonomy":"category","embeddable":true,"href":"http:\/\/desarrollo.grupomedios.com\/futbol\/wp-json\/wp\/v2\/categories?post=429507"},{"taxonomy":"post_tag","embeddable":true,"href":"http:\/\/desarrollo.grupomedios.com\/futbol\/wp-json\/wp\/v2\/tags?post=429507"}],"curies":[{"name":"wp","href":"https:\/\/api.w.org\/{rel}","templated":true}]}}