{"id":429758,"date":"2016-09-18T13:56:11","date_gmt":"2016-09-18T18:56:11","guid":{"rendered":"https:\/\/www.futboltotal.com.mx\/?p=429758"},"modified":"2016-09-18T14:21:27","modified_gmt":"2016-09-18T19:21:27","slug":"candidatos-relevar-a-ignacio-ambriz","status":"publish","type":"post","link":"http:\/\/desarrollo.grupomedios.com\/futbol\/destacado-home\/candidatos-relevar-a-ignacio-ambriz\/2016\/09","title":{"rendered":"Candidatos para relevar a Ignacio Ambriz"},"content":{"rendered":"<p>Este domingo 18 de septiembre, <strong>Ignacio Ambriz<\/strong> dej\u00f3 de ser el t\u00e9cnico del <a href=\"http:\/\/futboltotal.com.mx\/equipos\/america\/\" target=\"_blank\"><strong>Am\u00e9rica<\/strong><\/a>, luego de que el estratega s\u00f3lo lograra ganar un partido como local, tras nueve jornadas del Apertura 2016. Ante la salida de <em>Nacho<\/em>, suenan varios nombres importantes para reemplazar el puesto de director t\u00e9cnico en Coapa.<\/p>\n<p style=\"text-align: center;\"><span style=\"color: #3366ff;\"><a style=\"color: #3366ff;\" href=\"https:\/\/www.futboltotal.com.mx\/2016\/09\/oficial-ignacio-ambriz-deja-el-banquillo-de-america\/\" target=\"_blank\"><strong>LEER M\u00c1S: OFICIAL | Ignacio Ambriz es destituido<\/strong><\/a><\/span><\/p>\n<p><strong>Rub\u00e9n Omar Romano<\/strong> | Tiene un estilo que le gusta a muchos, pero lleva a\u00f1os sin lograr obtener el \u00e9xito en ninguno de los clubes donde ha dirigido, adem\u00e1s de que no ha podido ser campe\u00f3n de Liga como DT. Fue destituido de sus \u00faltimos dos cuadros de Liga MX: Puebla y Xolos, por malos resultados, sus respectivos sucesores, Jos\u00e9 Guadalupe Cruz y Miguel Herrera, hicieron mejor labor.<\/p>\n<p><a href=\"https:\/\/www.futboltotal.com.mx\/wp-content\/uploads\/2016\/09\/relevos-romano.jpg\"><img decoding=\"async\" loading=\"lazy\" class=\"alignnone size-full wp-image-429759\" src=\"https:\/\/www.futboltotal.com.mx\/wp-content\/uploads\/2016\/09\/relevos-romano.jpg\" alt=\"relevos-romano\" srcset=\"http:\/\/desarrollo.grupomedios.com\/futbol\/wp-content\/uploads\/2016\/09\/relevos-romano.jpg 858w, http:\/\/desarrollo.grupomedios.com\/futbol\/wp-content\/uploads\/2016\/09\/relevos-romano-300x151.jpg 300w, http:\/\/desarrollo.grupomedios.com\/futbol\/wp-content\/uploads\/2016\/09\/relevos-romano-768x386.jpg 768w, http:\/\/desarrollo.grupomedios.com\/futbol\/wp-content\/uploads\/2016\/09\/relevos-romano-340x171.jpg 340w\" sizes=\"(max-width: 858px) 100vw, 858px\" \/><\/a><\/p>\n<p><strong>Javier Aguirre<\/strong> | Era la primera opci\u00f3n del Am\u00e9rica, pero el estratega se neg\u00f3, por lo que recurrieron a Ignacio Ambriz, quien fue auxiliar del Vasco en Espa\u00f1a. Javier tiene un gran curr\u00edculum, tanto nacional como internacional, fue campe\u00f3n de Liga MX con Pachuca y logr\u00f3 que la Selecci\u00f3n Mexicana calificara al Mundial en dos ocasiones, cuando las posibilidades eran reducidas.<\/p>\n<p><a href=\"https:\/\/www.futboltotal.com.mx\/wp-content\/uploads\/2016\/09\/relevos-aguirre.jpg\"><img decoding=\"async\" loading=\"lazy\" class=\"alignnone size-full wp-image-429760\" src=\"https:\/\/www.futboltotal.com.mx\/wp-content\/uploads\/2016\/09\/relevos-aguirre.jpg\" alt=\"relevos-aguirre\" srcset=\"http:\/\/desarrollo.grupomedios.com\/futbol\/wp-content\/uploads\/2016\/09\/relevos-aguirre.jpg 858w, http:\/\/desarrollo.grupomedios.com\/futbol\/wp-content\/uploads\/2016\/09\/relevos-aguirre-300x151.jpg 300w, http:\/\/desarrollo.grupomedios.com\/futbol\/wp-content\/uploads\/2016\/09\/relevos-aguirre-768x386.jpg 768w, http:\/\/desarrollo.grupomedios.com\/futbol\/wp-content\/uploads\/2016\/09\/relevos-aguirre-340x171.jpg 340w\" sizes=\"(max-width: 858px) 100vw, 858px\" \/><\/a><\/p>\n<p><strong>Mario Carrillo<\/strong> | Con un gran plantel, el Capello logr\u00f3 hacer una gran campa\u00f1a y se coron\u00f3 con las <em>\u00c1guilas<\/em> en 2005. Su \u00faltima labor como entrenador, fue en 2012, cuando dirigi\u00f3 a los Pumas.<\/p>\n<p><a href=\"https:\/\/www.futboltotal.com.mx\/wp-content\/uploads\/2016\/09\/relevos-carrillo.jpg\"><img decoding=\"async\" loading=\"lazy\" class=\"alignnone size-full wp-image-429761\" src=\"https:\/\/www.futboltotal.com.mx\/wp-content\/uploads\/2016\/09\/relevos-carrillo.jpg\" alt=\"relevos-carrillo\" srcset=\"http:\/\/desarrollo.grupomedios.com\/futbol\/wp-content\/uploads\/2016\/09\/relevos-carrillo.jpg 858w, http:\/\/desarrollo.grupomedios.com\/futbol\/wp-content\/uploads\/2016\/09\/relevos-carrillo-300x151.jpg 300w, http:\/\/desarrollo.grupomedios.com\/futbol\/wp-content\/uploads\/2016\/09\/relevos-carrillo-768x386.jpg 768w, http:\/\/desarrollo.grupomedios.com\/futbol\/wp-content\/uploads\/2016\/09\/relevos-carrillo-340x171.jpg 340w\" sizes=\"(max-width: 858px) 100vw, 858px\" \/><\/a><\/p>\n<p><strong>Manuel Lapuente<\/strong> | En 2002, logr\u00f3 que Am\u00e9rica obtuviera su noveno t\u00edtulo, tras varios a\u00f1os de sequ\u00eda del conjunto de Coapa, luego estuvo detr\u00e1s del campeonato que Mario Carrillo obtuvo tres a\u00f1os despu\u00e9s.<\/p>\n<p><a href=\"https:\/\/www.futboltotal.com.mx\/wp-content\/uploads\/2016\/09\/relevos-lapuente.jpg\"><img decoding=\"async\" loading=\"lazy\" class=\"alignnone size-full wp-image-429762\" src=\"https:\/\/www.futboltotal.com.mx\/wp-content\/uploads\/2016\/09\/relevos-lapuente.jpg\" alt=\"relevos-lapuente\" srcset=\"http:\/\/desarrollo.grupomedios.com\/futbol\/wp-content\/uploads\/2016\/09\/relevos-lapuente.jpg 858w, http:\/\/desarrollo.grupomedios.com\/futbol\/wp-content\/uploads\/2016\/09\/relevos-lapuente-300x151.jpg 300w, http:\/\/desarrollo.grupomedios.com\/futbol\/wp-content\/uploads\/2016\/09\/relevos-lapuente-768x386.jpg 768w, http:\/\/desarrollo.grupomedios.com\/futbol\/wp-content\/uploads\/2016\/09\/relevos-lapuente-340x171.jpg 340w\" sizes=\"(max-width: 858px) 100vw, 858px\" \/><\/a><\/p>\n<p><strong>Ricardo La Volpe<\/strong> | Es un estratega con \u00e9xito en la Liga MX, incluso levant\u00f3 a Chiapas en el Apertura 2015, pero los problemas econ\u00f3micos que aquejan al Jaguar, provocaron que el equipo se cayera. El <em>Bigot\u00f3n<\/em> ya tiene pasado con el Am\u00e9rica, pero no le fue muy bien, incluso se hizo de un enemigo: Cuauht\u00e9moc Blanco.<\/p>\n<p><a href=\"https:\/\/www.futboltotal.com.mx\/wp-content\/uploads\/2016\/09\/relevos-la-volpe.jpg\"><img decoding=\"async\" loading=\"lazy\" class=\"alignnone size-full wp-image-429763\" src=\"https:\/\/www.futboltotal.com.mx\/wp-content\/uploads\/2016\/09\/relevos-la-volpe.jpg\" alt=\"relevos-la-volpe\" srcset=\"http:\/\/desarrollo.grupomedios.com\/futbol\/wp-content\/uploads\/2016\/09\/relevos-la-volpe.jpg 858w, http:\/\/desarrollo.grupomedios.com\/futbol\/wp-content\/uploads\/2016\/09\/relevos-la-volpe-300x151.jpg 300w, http:\/\/desarrollo.grupomedios.com\/futbol\/wp-content\/uploads\/2016\/09\/relevos-la-volpe-768x386.jpg 768w, http:\/\/desarrollo.grupomedios.com\/futbol\/wp-content\/uploads\/2016\/09\/relevos-la-volpe-340x171.jpg 340w\" sizes=\"(max-width: 858px) 100vw, 858px\" \/><\/a><\/p>\n<p><strong>Carlos Reinoso<\/strong> | Hace apenas unos meses dej\u00f3 el banquillo del Veracruz, por lo que est\u00e1 disponible para intentar volver a hacer historia con el club de sus amores, con el que ya fue campe\u00f3n como jugador y director t\u00e9cnico.<\/p>\n<p><a href=\"https:\/\/www.futboltotal.com.mx\/wp-content\/uploads\/2016\/09\/relevos-reinoso.jpg\"><img decoding=\"async\" loading=\"lazy\" class=\"alignnone size-full wp-image-429765\" src=\"https:\/\/www.futboltotal.com.mx\/wp-content\/uploads\/2016\/09\/relevos-reinoso.jpg\" alt=\"relevos-reinoso\" srcset=\"http:\/\/desarrollo.grupomedios.com\/futbol\/wp-content\/uploads\/2016\/09\/relevos-reinoso.jpg 858w, http:\/\/desarrollo.grupomedios.com\/futbol\/wp-content\/uploads\/2016\/09\/relevos-reinoso-300x151.jpg 300w, http:\/\/desarrollo.grupomedios.com\/futbol\/wp-content\/uploads\/2016\/09\/relevos-reinoso-768x386.jpg 768w, http:\/\/desarrollo.grupomedios.com\/futbol\/wp-content\/uploads\/2016\/09\/relevos-reinoso-340x171.jpg 340w\" sizes=\"(max-width: 858px) 100vw, 858px\" \/><\/a><\/p>\n<p><strong>Pedro Caixinha<\/strong> | El estratega portugu\u00e9s tiene nuevas ideas que en un club como Am\u00e9rica, podr\u00edan ser exitosas. Es amigo cercano de Jos\u00e9 Mourinho y ya obtuvo un t\u00edtulo de Liga MX en 2015, y en caso de sentarse en el banquillo azulcrema, se convertir\u00eda en otro Guerrero que se pinta de amarillo.<\/p>\n<p><a href=\"https:\/\/www.futboltotal.com.mx\/wp-content\/uploads\/2016\/09\/relevos-caixinha.jpg\"><img decoding=\"async\" loading=\"lazy\" class=\"alignnone size-full wp-image-429766\" src=\"https:\/\/www.futboltotal.com.mx\/wp-content\/uploads\/2016\/09\/relevos-caixinha.jpg\" alt=\"relevos-caixinha\" srcset=\"http:\/\/desarrollo.grupomedios.com\/futbol\/wp-content\/uploads\/2016\/09\/relevos-caixinha.jpg 858w, http:\/\/desarrollo.grupomedios.com\/futbol\/wp-content\/uploads\/2016\/09\/relevos-caixinha-300x151.jpg 300w, http:\/\/desarrollo.grupomedios.com\/futbol\/wp-content\/uploads\/2016\/09\/relevos-caixinha-768x386.jpg 768w, http:\/\/desarrollo.grupomedios.com\/futbol\/wp-content\/uploads\/2016\/09\/relevos-caixinha-340x171.jpg 340w\" sizes=\"(max-width: 858px) 100vw, 858px\" \/><\/a><\/p>\n<p><strong>Marcelo Bielsa<\/strong> | El estratega argentino qued\u00f3 lejos de la Selecci\u00f3n Mexicana cuando Miguel Herrera dej\u00f3 el banquillo tricolor, y ahora que est\u00e1 disponible, las <em>\u00c1guilas<\/em> tomar\u00edan la oportunidad, pues inclusos se rumora, que ya tocaron la puerta del DT.<\/p>\n","protected":false},"excerpt":{"rendered":"<p>Estos nombres suenan para suceder a Nacho en Am\u00e9rica<\/p>\n","protected":false},"author":20,"featured_media":429767,"comment_status":"closed","ping_status":"closed","sticky":false,"template":"","format":"standard","meta":[],"categories":[5,2198,3845],"tags":[5959,511],"_links":{"self":[{"href":"http:\/\/desarrollo.grupomedios.com\/futbol\/wp-json\/wp\/v2\/posts\/429758"}],"collection":[{"href":"http:\/\/desarrollo.grupomedios.com\/futbol\/wp-json\/wp\/v2\/posts"}],"about":[{"href":"http:\/\/desarrollo.grupomedios.com\/futbol\/wp-json\/wp\/v2\/types\/post"}],"author":[{"embeddable":true,"href":"http:\/\/desarrollo.grupomedios.com\/futbol\/wp-json\/wp\/v2\/users\/20"}],"replies":[{"embeddable":true,"href":"http:\/\/desarrollo.grupomedios.com\/futbol\/wp-json\/wp\/v2\/comments?post=429758"}],"version-history":[{"count":0,"href":"http:\/\/desarrollo.grupomedios.com\/futbol\/wp-json\/wp\/v2\/posts\/429758\/revisions"}],"wp:featuredmedia":[{"embeddable":true,"href":"http:\/\/desarrollo.grupomedios.com\/futbol\/wp-json\/wp\/v2\/media\/429767"}],"wp:attachment":[{"href":"http:\/\/desarrollo.grupomedios.com\/futbol\/wp-json\/wp\/v2\/media?parent=429758"}],"wp:term":[{"taxonomy":"category","embeddable":true,"href":"http:\/\/desarrollo.grupomedios.com\/futbol\/wp-json\/wp\/v2\/categories?post=429758"},{"taxonomy":"post_tag","embeddable":true,"href":"http:\/\/desarrollo.grupomedios.com\/futbol\/wp-json\/wp\/v2\/tags?post=429758"}],"curies":[{"name":"wp","href":"https:\/\/api.w.org\/{rel}","templated":true}]}}