{"id":429779,"date":"2016-09-18T14:41:06","date_gmt":"2016-09-18T19:41:06","guid":{"rendered":"https:\/\/www.futboltotal.com.mx\/?p=429779"},"modified":"2016-09-18T14:41:06","modified_gmt":"2016-09-18T19:41:06","slug":"villarreal-derrota-a-la-real-sociedad","status":"publish","type":"post","link":"http:\/\/desarrollo.grupomedios.com\/futbol\/futbol-internacional\/villarreal-derrota-a-la-real-sociedad\/2016\/09","title":{"rendered":"Villarreal derrota a la Real Sociedad"},"content":{"rendered":"<p>En duelo celebrado en el estadio El Madrigal, <strong>Villarreal<\/strong> recibi\u00f3 a la <strong>Real Sociedad<\/strong>, donde<strong> Jonathan dos Santos<\/strong> y <strong>Carlos Vela<\/strong>, vieron acci\u00f3n de forma discreta; el hermano menor de <em>Gio<\/em> ingres\u00f3 de cambio en el complemento, mientras que <em>el Bombardero<\/em> jug\u00f3 los 90 minutos, en el 2-1 en favor del <em>Submarino amarillo<\/em>.<\/p>\n<p>Los goles llegaron temprano en el partido, pues al 18\u2019, el delantero alem\u00e1n, Nicola Sansone, abri\u00f3 el marcador para <strong>Villarreal<\/strong>, gracias a que defini\u00f3 con frialdad, luego de recibir un pase de chilena de Bruno Soriano.<\/p>\n<p>Al 22\u2019, nuevamente Nocola Sansone bati\u00f3 al guardameta Rulli, para ampliar la ventaja, y siete minutos m\u00e1s tarde, el delantero alem\u00e1n desaprovech\u00f3 la oportunidad para marcar su hat-trick, y enseguida, la <strong>Real Sociedad<\/strong> descont\u00f3, por cuenta del lateral espa\u00f1ol, Yuri.<\/p>\n<p style=\"text-align: center;\"><span style=\"color: #3366ff;\"><a style=\"color: #3366ff;\" href=\"https:\/\/www.futboltotal.com.mx\/2016\/09\/candidatos-relevar-a-ignacio-ambriz\/\" target=\"_blank\"><strong>LEER M\u00c1S: En Am\u00e9ria, buscan nuevo timonel<\/strong><\/a><\/span><\/p>\n<p><strong>Jonathan dos Santos<\/strong> ingres\u00f3 al campo al minuto 63\u2019, en el lugar de Samuel Castillejo, pero poco pudo hacer para mover el marcador en El Madrigal; y tampoco su compatriota, <strong>Carlos Vela<\/strong>. se hizo presente en el resultado, aunque por fin tuvo actividad durante un juego completo.<\/p>\n","protected":false},"excerpt":{"rendered":"<p>Vela y Jona tuvieron acci\u00f3n en el Madrigal<\/p>\n","protected":false},"author":20,"featured_media":429780,"comment_status":"closed","ping_status":"closed","sticky":false,"template":"","format":"standard","meta":[],"categories":[3839,3844,5951],"tags":[6048,48,102,2607],"_links":{"self":[{"href":"http:\/\/desarrollo.grupomedios.com\/futbol\/wp-json\/wp\/v2\/posts\/429779"}],"collection":[{"href":"http:\/\/desarrollo.grupomedios.com\/futbol\/wp-json\/wp\/v2\/posts"}],"about":[{"href":"http:\/\/desarrollo.grupomedios.com\/futbol\/wp-json\/wp\/v2\/types\/post"}],"author":[{"embeddable":true,"href":"http:\/\/desarrollo.grupomedios.com\/futbol\/wp-json\/wp\/v2\/users\/20"}],"replies":[{"embeddable":true,"href":"http:\/\/desarrollo.grupomedios.com\/futbol\/wp-json\/wp\/v2\/comments?post=429779"}],"version-history":[{"count":0,"href":"http:\/\/desarrollo.grupomedios.com\/futbol\/wp-json\/wp\/v2\/posts\/429779\/revisions"}],"wp:featuredmedia":[{"embeddable":true,"href":"http:\/\/desarrollo.grupomedios.com\/futbol\/wp-json\/wp\/v2\/media\/429780"}],"wp:attachment":[{"href":"http:\/\/desarrollo.grupomedios.com\/futbol\/wp-json\/wp\/v2\/media?parent=429779"}],"wp:term":[{"taxonomy":"category","embeddable":true,"href":"http:\/\/desarrollo.grupomedios.com\/futbol\/wp-json\/wp\/v2\/categories?post=429779"},{"taxonomy":"post_tag","embeddable":true,"href":"http:\/\/desarrollo.grupomedios.com\/futbol\/wp-json\/wp\/v2\/tags?post=429779"}],"curies":[{"name":"wp","href":"https:\/\/api.w.org\/{rel}","templated":true}]}}