{"id":429782,"date":"2016-09-18T15:04:44","date_gmt":"2016-09-18T20:04:44","guid":{"rendered":"https:\/\/www.futboltotal.com.mx\/?p=429782"},"modified":"2016-09-18T15:04:44","modified_gmt":"2016-09-18T20:04:44","slug":"dejan-a-hector-herrera-en-empate-del-porto","status":"publish","type":"post","link":"http:\/\/desarrollo.grupomedios.com\/futbol\/futbol-internacional\/dejan-a-hector-herrera-en-empate-del-porto\/2016\/09","title":{"rendered":"\u00a1Dejan fuera a H\u00e9ctor Herrera en empate del Porto!"},"content":{"rendered":"<p>En partido de la jornada 5 de la liga de Portugal, <strong>Porto<\/strong> visit\u00f3 al Tondela, en el estadio Joao Cardoso, donde el espect\u00e1culo y los goles, quedaron guardados. Los mexicanos, <strong>Miguel Lay\u00fan<\/strong> y <strong>Jes\u00fas Manuel Corona<\/strong>, tuvieron actividad en el fr\u00edo empate, mientras que <strong>H\u00e9ctor Herrera<\/strong> no particip\u00f3.<\/p>\n<blockquote class=\"twitter-tweet\" data-lang=\"es\">\n<p dir=\"ltr\" lang=\"und\"><a href=\"https:\/\/twitter.com\/hashtag\/FCPorto?src=hash\">#FCPorto<\/a> <a href=\"https:\/\/twitter.com\/hashtag\/CDTFCP?src=hash\">#CDTFCP<\/a> <a href=\"https:\/\/t.co\/JfiQp3upjX\">pic.twitter.com\/JfiQp3upjX<\/a><\/p>\n<p>\u2014 FC Porto (@FCPorto) <a href=\"https:\/\/twitter.com\/FCPorto\/status\/777537910862147584\">18 de septiembre de 2016<\/a><\/p><\/blockquote>\n<p><script async src=\"\/\/platform.twitter.com\/widgets.js\" charset=\"utf-8\"><\/script><\/p>\n<p><strong>Miguel Lay\u00fan<\/strong> fue titular y como siempre, luci\u00f3 participativo, pero no pudo hacer la diferencia con el <strong>Porto<\/strong>, mientras que el <em>Tecatito<\/em> ingres\u00f3 al 78\u2019, de inmediato pudo mandar un servicio al \u00e1rea, pero lamentablemente su servicio no pudo ser conectado por un compa\u00f1ero.<\/p>\n<p style=\"text-align: center;\"><span style=\"color: #3366ff;\"><a style=\"color: #3366ff;\" href=\"https:\/\/www.futboltotal.com.mx\/2016\/09\/villarreal-derrota-a-la-real-sociedad\/\" target=\"_blank\"><strong>LEER M\u00c1S: Duelo discreto de mexicanos en El Madrigal<\/strong><\/a><\/span><\/p>\n<blockquote class=\"twitter-tweet\" data-lang=\"es\">\n<p dir=\"ltr\" lang=\"es\"><a href=\"https:\/\/twitter.com\/hashtag\/Convocados?src=hash\">#Convocados<\/a> <a href=\"https:\/\/twitter.com\/Miguel_layun\">@Miguel_layun<\/a> fue titular y <a href=\"https:\/\/twitter.com\/Chuycorona25\">@Chuycorona25<\/a> entr\u00f3 en la segunda parte, en el 0\ufe0f\u20e3 &#8211; 0\ufe0f\u20e3 del <a href=\"https:\/\/twitter.com\/FCPorto\">@FCPorto<\/a> y <a href=\"https:\/\/twitter.com\/hashtag\/Tondela?src=hash\">#Tondela<\/a>.<\/p>\n<p>\u2014 Selecci\u00f3n Nacional (@miseleccionmx) <a href=\"https:\/\/twitter.com\/miseleccionmx\/status\/777583936985640961\">18 de septiembre de 2016<\/a><\/p><\/blockquote>\n<p><script async src=\"\/\/platform.twitter.com\/widgets.js\" charset=\"utf-8\"><\/script><\/p>\n<p>A media semana, el <strong>Porto<\/strong> tambi\u00e9n <a href=\"https:\/\/www.futboltotal.com.mx\/2016\/09\/resultados-porto-1-1-copenhague-champions-league\/\" target=\"_blank\">empat\u00f3 en su debut en la Champions League<\/a> 2016-17, donde s\u00ed tuvieron actividad los tres futbolistas mexicanos.<\/p>\n","protected":false},"excerpt":{"rendered":"<p>Tecatito y Lay\u00fan s\u00ed tuvieron actividad en la liga de Portugal<\/p>\n","protected":false},"author":20,"featured_media":429783,"comment_status":"closed","ping_status":"closed","sticky":false,"template":"","format":"standard","meta":[],"categories":[3839,5951],"tags":[5995,7179,1035,1208],"_links":{"self":[{"href":"http:\/\/desarrollo.grupomedios.com\/futbol\/wp-json\/wp\/v2\/posts\/429782"}],"collection":[{"href":"http:\/\/desarrollo.grupomedios.com\/futbol\/wp-json\/wp\/v2\/posts"}],"about":[{"href":"http:\/\/desarrollo.grupomedios.com\/futbol\/wp-json\/wp\/v2\/types\/post"}],"author":[{"embeddable":true,"href":"http:\/\/desarrollo.grupomedios.com\/futbol\/wp-json\/wp\/v2\/users\/20"}],"replies":[{"embeddable":true,"href":"http:\/\/desarrollo.grupomedios.com\/futbol\/wp-json\/wp\/v2\/comments?post=429782"}],"version-history":[{"count":0,"href":"http:\/\/desarrollo.grupomedios.com\/futbol\/wp-json\/wp\/v2\/posts\/429782\/revisions"}],"wp:featuredmedia":[{"embeddable":true,"href":"http:\/\/desarrollo.grupomedios.com\/futbol\/wp-json\/wp\/v2\/media\/429783"}],"wp:attachment":[{"href":"http:\/\/desarrollo.grupomedios.com\/futbol\/wp-json\/wp\/v2\/media?parent=429782"}],"wp:term":[{"taxonomy":"category","embeddable":true,"href":"http:\/\/desarrollo.grupomedios.com\/futbol\/wp-json\/wp\/v2\/categories?post=429782"},{"taxonomy":"post_tag","embeddable":true,"href":"http:\/\/desarrollo.grupomedios.com\/futbol\/wp-json\/wp\/v2\/tags?post=429782"}],"curies":[{"name":"wp","href":"https:\/\/api.w.org\/{rel}","templated":true}]}}