{"id":429903,"date":"2016-09-18T19:53:37","date_gmt":"2016-09-19T00:53:37","guid":{"rendered":"https:\/\/www.futboltotal.com.mx\/?p=429903"},"modified":"2016-09-19T12:37:42","modified_gmt":"2016-09-19T17:37:42","slug":"culmina-la-fiesta-paralimpica","status":"publish","type":"post","link":"http:\/\/desarrollo.grupomedios.com\/futbol\/no-todo-es-futbol\/culmina-la-fiesta-paralimpica\/2016\/09","title":{"rendered":"Culmina la fiesta paral\u00edmpica"},"content":{"rendered":"<p>La ceremonia de clausura de los <strong>Juegos Paral\u00edmpicos de R\u00edo de Janeiro<\/strong> se convirti\u00f3, igual que la apertura, en una fiesta de luz y color en Maracan\u00e1 que apel\u00f3 con m\u00fasica al concepto de la biodiversidad que la organizaci\u00f3n quiso relacionar con el pa\u00eds carioca.<\/p>\n<p>La ceremonia comenz\u00f3 con el baile que un grupo de diecis\u00e9is personas en silla de ruedas brind\u00f3 al p\u00fablico que llen\u00f3 Maracan\u00e1 y que a la vez vibr\u00f3 con las guitarras de Armandinho y Andreas Kisser, l\u00edder de la banda brasile\u00f1a de heavy metal Sepultura.<\/p>\n<p>Tras el saludo del presidente del Comit\u00e9 Paral\u00edmpico Internacional, Philip Craven, lleg\u00f3 un momento muy emotivo cuando el cantante Saulo Lucas, que padece autismo, enton\u00f3 desde el centro del estadio el himno de Brasil. A continuaci\u00f3n, comenz\u00f3 el desfile de los 160 pa\u00edses participantes con las ense\u00f1as que portaron sus abanderados.<\/p>\n<p>Los directores de la gala intentaron reflejar metaf\u00f3ricamente con las proyecciones, vestidos de los artistas y estilos musicales el concepto de biodiversidad. Para ello fueron saliendo por diferentes partes del estadio, y por separado para sus actuaciones, el grupo Na\u00e7ao Zumbi, la solista Vanessa da Mata y la cantante C\u00e9u, quienes con su ritmo hicieron bailar a los espectadores.<\/p>\n<p>La organizaci\u00f3n quiso reconocer a la deportista americana, de ascendencia rusa, Tatyana McFadden, que ha ganado trece medallas en Juegos y es una importante activista de la igualdad e inclusi\u00f3n de los discapacitados. Tambi\u00e9n al nadador sirio Ibrahim Al Hussein, que perdi\u00f3 una pierna cuando fue a socorrer a un amigo en su pa\u00eds y, como refugiado en Grecia, compiti\u00f3 como independiente.<\/p>\n<p style=\"text-align: center;\"><span style=\"color: #3366ff;\"><a style=\"color: #3366ff;\" href=\"https:\/\/www.futboltotal.com.mx\/2016\/09\/medallero-mexico-en-juegos-paralimpicos\/\" target=\"_blank\"><strong>LEER M\u00c1S: Los medallistas mexicanos<\/strong><\/a><\/span><\/p>\n<p>Con ese reconocimiento, y con el himno del Comit\u00e9 Paral\u00edmpico Internacional interpretado por los m\u00fasicos Daniel Santiago, Pedro Martins y Mestrinho, se inici\u00f3 la transici\u00f3n de R\u00edo hacia Tokio 2020.<\/p>\n<p>Primero son\u00f3 el himno de Jap\u00f3n, despu\u00e9s recogi\u00f3 la bandera de los Juegos la gobernadora de Tokio, Yoriko Koike, y luego salieron a escena varios bailarines, algunos en silla de ruedas, que jugaron metaf\u00f3ricamente con el concepto de la apertura de puertas como s\u00edmbolo de positivismo e integraci\u00f3n para los discapacitados.<\/p>\n<p>Tras ese espect\u00e1culo de tintes futuristas lleg\u00f3 el turno de los discursos oficiales. Primero tom\u00f3 la palabra Carlos Arthur Nuzman, presidente del Comit\u00e9 Organizador de R\u00edo 2016, que asegur\u00f3 que la organizaci\u00f3n de los Juegos Ol\u00edmpicos y Paral\u00edmpicos ha sido &#8220;espectacular&#8221; y declar\u00f3 que, con su cierre, se &#8220;acaba un ciclo m\u00e1gico&#8221; que hace unos a\u00f1os parec\u00eda &#8220;impensable&#8221;.<\/p>\n<p>Despu\u00e9s, Philip Craven, presidente del Comit\u00e9 Paral\u00edmpico Internacional, desvel\u00f3 que Brasil como pa\u00eds y <strong>R\u00edo de Janeiro<\/strong> como ciudad recibir\u00e1n por su buena organizaci\u00f3n la Orden Paral\u00edmpica, el m\u00e1ximo reconocimiento que pueden conceder. La ceremonia sigui\u00f3 con las actuaciones musicales de Saulo, el cantante Negro do Borel y el grupo de funk carioca Dream Team do Passinho.<\/p>\n<p>A continuaci\u00f3n sali\u00f3 a escena Gaby Amarantos, ganadora del Grammy Latino en la categor\u00eda de &#8220;Mejor \u00e1lbum de Ra\u00edces Brasile\u00f1as&#8221; con su disco Treme, que interpret\u00f3 tres temas: &#8220;Ex mai love&#8221;, &#8220;As forcas da naturaleza&#8221; y &#8220;N\u00e2o v\u00e1 embora&#8221;.<\/p>\n<p>El broche final de la gala lo puso Ivete Sangalo, artista brasile\u00f1a conocida internacionalmente por sus colaboraciones con Miguel Bos\u00e9 o Laura Pausini. La cantante de Juazeiro puso a bailar al p\u00fablico de Maracan\u00e1 con la versi\u00f3n del &#8220;Tema paral\u00edmpico&#8221; interpretado junto a Culum Scott y con canciones como &#8220;Sorte grande&#8221; y &#8220;Tempo de alegr\u00eda&#8221;.<\/p>\n<p><span style=\"color: #ff0000;\"><strong>Medallero por pa\u00edses de los Juegos Paral\u00edmpicos de R\u00edo de Janeiro.<\/strong><\/span><\/p>\n<p><strong>Pa\u00eds | Oro | Plata | Bronce | Total<\/strong><br \/>\n&#8212;- &#8212;- &#8212;&#8211; &#8212;&#8212; &#8212;&#8211;<br \/>\n1\u00a0 | China | 107 | 81 | 51 | 239<\/p>\n<p>2 | Gran Breta\u00f1a | 64 | 39 | 44 | 147<\/p>\n<p>3 | Ucrania | 41 | 37 | 39 | 117<\/p>\n<p>4 | Estados Unidos | 40 | 44 | 31| 115<\/p>\n<p>5 | Australia | 22 | 30 | 29 | 81<\/p>\n<p>6 | Alemania | 18 | 25 | 14 | 57<\/p>\n<p>7 | Holanda | 17 | 19 | 26 | 62<\/p>\n<p>8 | Brasil | 14 | 29 | 29 | 72<\/p>\n<p>9 | Italia | 10 | 14 | 15 | 39<\/p>\n<p>10 | Polonia | 9 | 18 | 12 | 39<\/p>\n<p>11 | Espa\u00f1a | 9 | 14 | 8 | 31<\/p>\n<p>18 | Cuba | 8 | 1 | 6 | 15<\/p>\n<p><strong>29 | M\u00e9xico | 4 | 2 | 9 | 15<\/strong><\/p>\n<p>37 | Colombia | 2 | 5 | 10 | 17<\/p>\n<p>54 | Argentina | 1 | 1 | 3 | 5<\/p>\n<p>65 | Venezuela | 3 | 3 | 6<\/p>\n<p>73 | Portugal\u00a0 | &#8211;\u00a0 | &#8211; | 4 | 4<\/p>\n","protected":false},"excerpt":{"rendered":"<p>Gran ambiente en ceremonia de clausura; M\u00e9xico termina en posici\u00f3n 29<\/p>\n","protected":false},"author":144,"featured_media":429904,"comment_status":"closed","ping_status":"closed","sticky":false,"template":"","format":"standard","meta":[],"categories":[5418,6411,7189],"tags":[7411,5461],"_links":{"self":[{"href":"http:\/\/desarrollo.grupomedios.com\/futbol\/wp-json\/wp\/v2\/posts\/429903"}],"collection":[{"href":"http:\/\/desarrollo.grupomedios.com\/futbol\/wp-json\/wp\/v2\/posts"}],"about":[{"href":"http:\/\/desarrollo.grupomedios.com\/futbol\/wp-json\/wp\/v2\/types\/post"}],"author":[{"embeddable":true,"href":"http:\/\/desarrollo.grupomedios.com\/futbol\/wp-json\/wp\/v2\/users\/144"}],"replies":[{"embeddable":true,"href":"http:\/\/desarrollo.grupomedios.com\/futbol\/wp-json\/wp\/v2\/comments?post=429903"}],"version-history":[{"count":0,"href":"http:\/\/desarrollo.grupomedios.com\/futbol\/wp-json\/wp\/v2\/posts\/429903\/revisions"}],"wp:featuredmedia":[{"embeddable":true,"href":"http:\/\/desarrollo.grupomedios.com\/futbol\/wp-json\/wp\/v2\/media\/429904"}],"wp:attachment":[{"href":"http:\/\/desarrollo.grupomedios.com\/futbol\/wp-json\/wp\/v2\/media?parent=429903"}],"wp:term":[{"taxonomy":"category","embeddable":true,"href":"http:\/\/desarrollo.grupomedios.com\/futbol\/wp-json\/wp\/v2\/categories?post=429903"},{"taxonomy":"post_tag","embeddable":true,"href":"http:\/\/desarrollo.grupomedios.com\/futbol\/wp-json\/wp\/v2\/tags?post=429903"}],"curies":[{"name":"wp","href":"https:\/\/api.w.org\/{rel}","templated":true}]}}