{"id":429927,"date":"2016-09-18T22:26:17","date_gmt":"2016-09-19T03:26:17","guid":{"rendered":"https:\/\/www.futboltotal.com.mx\/?p=429927"},"modified":"2016-09-18T22:46:49","modified_gmt":"2016-09-19T03:46:49","slug":"chuletita-causa-controversia-en-redes-culpa-cruz-azul","status":"publish","type":"post","link":"http:\/\/desarrollo.grupomedios.com\/futbol\/futbol-mexicano\/chuletita-causa-controversia-en-redes-culpa-cruz-azul\/2016\/09","title":{"rendered":"\u00bfChuletita causa controversia por culpa de Cruz Azul?"},"content":{"rendered":"<p>Durante el fin de semana, algunos medios destacaron que <strong>Javier Orozco<\/strong> est\u00e1 en el coraz\u00f3n de la afici\u00f3n del <a href=\"http:\/\/futboltotal.com.mx\/equipos\/cruz-azul\/\" target=\"_blank\"><strong>Cruz Azul<\/strong><\/a> y que el mismo delantero revel\u00f3 que los seguidores <em>cementeros<\/em> lo quieren de vuelta en el cuadro <em>celeste<\/em>; sin embargo, parece que sucede lo contrario.<\/p>\n<p>\u201cVali\u00f3 la pena, por algo pasan las cosas, Dios nos tiene preparado algo a todos nosotros. Lo que viv\u00ed en <strong>Cruz Azul<\/strong> nadie me lo quita, tuve buenas cosas, la gente me recuerda bien, a todos los lugares que voy la gente me dice que regrese a <strong>Cruz Azul<\/strong>; a m\u00ed me encantar\u00eda regresar y sacarme esa espina de que un mexicano puede hacer cosas importantes en ese club tan importante y valioso\u201d, se\u00f1al\u00f3 el <em>Chuletita<\/em>, en una charla sobre su presente en <a href=\"http:\/\/futboltotal.com.mx\/equipos\/chiapas\/\" target=\"_blank\"><strong>Chiapas<\/strong><\/a>.<\/p>\n<p style=\"text-align: center;\"><strong><span style=\"color: #3366ff;\"><a style=\"color: #3366ff;\" href=\"https:\/\/www.futboltotal.com.mx\/2016\/09\/los-tigres-nuevos-lideres-del-apertura-2016\/\" target=\"_blank\">LEER M\u00c1S: Resumen de la jornada 9<\/a><\/span><\/strong><\/p>\n<p>Sin embargo, el mismo delantero, destac\u00f3 en una publicaci\u00f3n de Twitter, que le daba gracia que los medios destacaran, que la afici\u00f3n lo quiere de vuelta en <strong>Cruz Azul<\/strong>.<\/p>\n<blockquote class=\"twitter-tweet\" data-lang=\"es\">\n<p dir=\"ltr\" lang=\"und\"><a href=\"https:\/\/t.co\/3CqWXjXcA8\">https:\/\/t.co\/3CqWXjXcA8<\/a><\/p>\n<p>\u2014 Javier Orozco (@Chuletita_Of) <a href=\"https:\/\/twitter.com\/Chuletita_Of\/status\/777689082075897856\">19 de septiembre de 2016<\/a><\/p><\/blockquote>\n<p><script async src=\"\/\/platform.twitter.com\/widgets.js\" charset=\"utf-8\"><\/script><\/p>\n<p>Inmediatamente despu\u00e9s de la publicaci\u00f3n en Twitter de <strong>Javier <em>el Chuletita<\/em> Orozco<\/strong>, la afici\u00f3n que lo sigue, se\u00f1al\u00f3 que no lo quieren de vuelta en <strong>Cruz Azul<\/strong>, pues ahora juega en el equipo que es \u00faltimo lugar del torneo y adem\u00e1s no figura.<\/p>\n<blockquote class=\"twitter-tweet\" data-lang=\"es\">\n<p dir=\"ltr\" lang=\"es\">Menos mal que es broma. Extra\u00f1amos m\u00e1 a Alem\u00e3o que a ti. Preferimos jugar con 10 a tenerte a ti. <a href=\"https:\/\/t.co\/mxulP7cc7j\">https:\/\/t.co\/mxulP7cc7j<\/a><\/p>\n<p>\u2014 ArielRojas18 (@SoloCruzAzul10) <a href=\"https:\/\/twitter.com\/SoloCruzAzul10\/status\/777692001672192002\">19 de septiembre de 2016<\/a><\/p><\/blockquote>\n<p><script async src=\"\/\/platform.twitter.com\/widgets.js\" charset=\"utf-8\"><\/script><\/p>\n<blockquote class=\"twitter-tweet\" data-conversation=\"none\" data-lang=\"es\">\n<p dir=\"ltr\" lang=\"es\"><a href=\"https:\/\/twitter.com\/Chuletita_Of\">@Chuletita_Of<\/a> hasta risa te da a ti \u00bfverdad? Ni qui\u00e9n te extra\u00f1e por ac\u00e1. Abrazo.<\/p>\n<p>\u2014 MAM\u00d3Nfil. (@EuSouMonfil) <a href=\"https:\/\/twitter.com\/EuSouMonfil\/status\/777689600605032448\">19 de septiembre de 2016<\/a><\/p><\/blockquote>\n<p><script async src=\"\/\/platform.twitter.com\/widgets.js\" charset=\"utf-8\"><\/script><\/p>\n","protected":false},"excerpt":{"rendered":"<p>Javier Orozco habr\u00eda insinuado que la afici\u00f3n lo pide, pero los hinchas desmienten<\/p>\n","protected":false},"author":20,"featured_media":429928,"comment_status":"closed","ping_status":"closed","sticky":false,"template":"","format":"standard","meta":[],"categories":[5419,2198,3845],"tags":[5964,5962,629],"_links":{"self":[{"href":"http:\/\/desarrollo.grupomedios.com\/futbol\/wp-json\/wp\/v2\/posts\/429927"}],"collection":[{"href":"http:\/\/desarrollo.grupomedios.com\/futbol\/wp-json\/wp\/v2\/posts"}],"about":[{"href":"http:\/\/desarrollo.grupomedios.com\/futbol\/wp-json\/wp\/v2\/types\/post"}],"author":[{"embeddable":true,"href":"http:\/\/desarrollo.grupomedios.com\/futbol\/wp-json\/wp\/v2\/users\/20"}],"replies":[{"embeddable":true,"href":"http:\/\/desarrollo.grupomedios.com\/futbol\/wp-json\/wp\/v2\/comments?post=429927"}],"version-history":[{"count":0,"href":"http:\/\/desarrollo.grupomedios.com\/futbol\/wp-json\/wp\/v2\/posts\/429927\/revisions"}],"wp:featuredmedia":[{"embeddable":true,"href":"http:\/\/desarrollo.grupomedios.com\/futbol\/wp-json\/wp\/v2\/media\/429928"}],"wp:attachment":[{"href":"http:\/\/desarrollo.grupomedios.com\/futbol\/wp-json\/wp\/v2\/media?parent=429927"}],"wp:term":[{"taxonomy":"category","embeddable":true,"href":"http:\/\/desarrollo.grupomedios.com\/futbol\/wp-json\/wp\/v2\/categories?post=429927"},{"taxonomy":"post_tag","embeddable":true,"href":"http:\/\/desarrollo.grupomedios.com\/futbol\/wp-json\/wp\/v2\/tags?post=429927"}],"curies":[{"name":"wp","href":"https:\/\/api.w.org\/{rel}","templated":true}]}}