{"id":429934,"date":"2016-09-19T09:11:26","date_gmt":"2016-09-19T14:11:26","guid":{"rendered":"https:\/\/www.futboltotal.com.mx\/?p=429934"},"modified":"2016-09-19T09:11:26","modified_gmt":"2016-09-19T14:11:26","slug":"11-ideal-la-jornada-9-apertura-2016","status":"publish","type":"post","link":"http:\/\/desarrollo.grupomedios.com\/futbol\/destacado-home\/11-ideal-la-jornada-9-apertura-2016\/2016\/09","title":{"rendered":"El 11 ideal de la jornada 9 | Apertura 2016"},"content":{"rendered":"<p>En la <strong>jornada 9 del Apertura 2016<\/strong> se dieron tres dobletes, dos de atacantes que han sobresalido en el reciente torneo, donde debutan, y el otro, que ya tiene algunos a\u00f1os de experiencia en territorio <em>azteca,<\/em> por eso sobresalen en este <strong>11 ideal.<\/strong> Cabe destacar que <a href=\"https:\/\/www.futboltotal.com.mx\/2016\/09\/oficial-ignacio-ambriz-deja-el-banquillo-de-america\/\" target=\"_blank\">dos estrategas <\/a>dijeron <a href=\"https:\/\/www.futboltotal.com.mx\/2016\/09\/jose-cardozo-deja-la-selvaotra-vez\/\" target=\"_blank\">adi\u00f3s al torneo<\/a>, tras malos resultados.<\/p>\n<p style=\"text-align: center;\"><span style=\"color: #3366ff;\"><a style=\"color: #3366ff;\" href=\"https:\/\/www.futboltotal.com.mx\/2016\/09\/los-tigres-nuevos-lideres-del-apertura-2016\/\" target=\"_blank\"><strong>LEER M\u00c1S: Resumen de la jornada 9 del Apertura 2016<\/strong><\/a><\/span><\/p>\n<p><a href=\"https:\/\/www.futboltotal.com.mx\/wp-content\/uploads\/2016\/09\/11idealap16-jornada-9.jpg\"><img decoding=\"async\" loading=\"lazy\" class=\"size-full wp-image-429935 aligncenter\" src=\"https:\/\/www.futboltotal.com.mx\/wp-content\/uploads\/2016\/09\/11idealap16-jornada-9.jpg\" alt=\"11idealap16-jornada-9\" srcset=\"http:\/\/desarrollo.grupomedios.com\/futbol\/wp-content\/uploads\/2016\/09\/11idealap16-jornada-9.jpg 858w, http:\/\/desarrollo.grupomedios.com\/futbol\/wp-content\/uploads\/2016\/09\/11idealap16-jornada-9-215x300.jpg 215w, http:\/\/desarrollo.grupomedios.com\/futbol\/wp-content\/uploads\/2016\/09\/11idealap16-jornada-9-768x1071.jpg 768w, http:\/\/desarrollo.grupomedios.com\/futbol\/wp-content\/uploads\/2016\/09\/11idealap16-jornada-9-735x1024.jpg 735w\" sizes=\"(max-width: 858px) 100vw, 858px\" \/><\/a><\/p>\n<p><strong>Tiago Volpi | <a href=\"http:\/\/www.futboltotal.com.mx\/equipos\/queretaro\/\" target=\"_blank\">Quer\u00e9taro<\/a><\/strong> | El cancerbero evit\u00f3 que el poder\u00edo ofensivo de <em>Rayados<\/em> se hiciera presente en el marcador y con ello, los <em>Gallos<\/em> volvieron a ganar.<\/p>\n<p><strong>Carlos Morales | <a href=\"http:\/\/www.futboltotal.com.mx\/equipos\/morelia\/\" target=\"_blank\">Morelia<\/a><\/strong> | Tuvo un buen desempe\u00f1o ante Veracruz, su banda pr\u00e1cticamente fue intocable e incluso da el servicio para que el <em>Chato<\/em> Rodr\u00edguez firme la victoria.<\/p>\n<p><strong>Enzo Roco | <a href=\"http:\/\/www.futboltotal.com.mx\/equipos\/cruz-azul\/\" target=\"_blank\">Cruz Azul<\/a><\/strong> | Ante el <em>Jaguar<\/em>, el zaguero logr\u00f3 marcar para darle respiro a la <em>M\u00e1quina<\/em>, que busca continuidad en los resultados.<\/p>\n<p><strong>Paulo da Silva | <a href=\"http:\/\/www.futboltotal.com.mx\/equipos\/toluca\/\" target=\"_blank\">Toluca<\/a><\/strong> | Sigue demostrando por qu\u00e9 es el l\u00edder de la zaga de los <em>Diablos<\/em> y de su selecci\u00f3n, al nulificar los ataques rivales, con su amplia experiencia.<\/p>\n<p><strong>Efra\u00edn Velarde | <a href=\"http:\/\/www.futboltotal.com.mx\/equipos\/leon\/\" target=\"_blank\">Le\u00f3n<\/a><\/strong> | Parece que Javier Torrente despert\u00f3 a todas las <em>Fieras<\/em> dormidas, entre ellas al lateral, que se sum\u00f3 al ataque continuamente, frente a las<em> \u00c1guilas<\/em>.<\/p>\n<p><strong>V\u00edctor Guzm\u00e1n | <a href=\"http:\/\/www.futboltotal.com.mx\/equipos\/pachuca\/\" target=\"_blank\">Pachuca<\/a><\/strong> | El joven mediocampista de los <em>Tuzos<\/em>, colabor\u00f3 con una buena anotaci\u00f3n ante Xolos, para obtener el empate y evitar que Tijuana continuara de l\u00edder.<\/p>\n<p><strong>Javier Aquino |\u00a0<a href=\"http:\/\/www.futboltotal.com.mx\/equipos\/tigres\/\" target=\"_blank\">Tigres<\/a><\/strong> | Nuevamente el volante de los <em>felinos<\/em> se volvi\u00f3 factor para que su equipo sumara puntos. Esta vez, para ponerse como el nuevo l\u00edder general.<\/p>\n<p><strong>Pablo Barrientos | Toluca<\/strong> | No corre mucho pero su visi\u00f3n ha provocado que los <em>Diablos<\/em> lleven dos victorias en fila, adem\u00e1s, anot\u00f3 frente a Chivas.<\/p>\n<p><strong>Ra\u00fal Ruid\u00edaz | Morelia |<\/strong> El peruano sigue marcando en busca de ganar la corona de goleo individual, ahora con doblete, ayud\u00f3 al asalto al Puerto.<\/p>\n<p><strong>Mauro Boselli | Le\u00f3n<\/strong> | Despert\u00f3 el goleador que tan acostumbrado tiene a la afici\u00f3n de Guanajuato y de la Liga MX y con doblete, alarg\u00f3 la racha de partidos sin ganar de las \u00c1guilas en casa.<\/p>\n<p><strong>Jonathan Rodr\u00edguez |\u00a0<a href=\"http:\/\/www.futboltotal.com.mx\/equipos\/santos\/\" target=\"_blank\">Santos<\/a><\/strong> | El mejor hombre de la Comarca nuevamente le dio el triunfo a su equipo, con un par de buenos trayazos.<\/p>\n","protected":false},"excerpt":{"rendered":"<p>\u00a1Dobletes colocaron a un tridente mortal en el ataque!<\/p>\n","protected":false},"author":20,"featured_media":429936,"comment_status":"closed","ping_status":"closed","sticky":false,"template":"","format":"standard","meta":[],"categories":[5,2198,3845],"tags":[5623,6927,3081],"_links":{"self":[{"href":"http:\/\/desarrollo.grupomedios.com\/futbol\/wp-json\/wp\/v2\/posts\/429934"}],"collection":[{"href":"http:\/\/desarrollo.grupomedios.com\/futbol\/wp-json\/wp\/v2\/posts"}],"about":[{"href":"http:\/\/desarrollo.grupomedios.com\/futbol\/wp-json\/wp\/v2\/types\/post"}],"author":[{"embeddable":true,"href":"http:\/\/desarrollo.grupomedios.com\/futbol\/wp-json\/wp\/v2\/users\/20"}],"replies":[{"embeddable":true,"href":"http:\/\/desarrollo.grupomedios.com\/futbol\/wp-json\/wp\/v2\/comments?post=429934"}],"version-history":[{"count":0,"href":"http:\/\/desarrollo.grupomedios.com\/futbol\/wp-json\/wp\/v2\/posts\/429934\/revisions"}],"wp:featuredmedia":[{"embeddable":true,"href":"http:\/\/desarrollo.grupomedios.com\/futbol\/wp-json\/wp\/v2\/media\/429936"}],"wp:attachment":[{"href":"http:\/\/desarrollo.grupomedios.com\/futbol\/wp-json\/wp\/v2\/media?parent=429934"}],"wp:term":[{"taxonomy":"category","embeddable":true,"href":"http:\/\/desarrollo.grupomedios.com\/futbol\/wp-json\/wp\/v2\/categories?post=429934"},{"taxonomy":"post_tag","embeddable":true,"href":"http:\/\/desarrollo.grupomedios.com\/futbol\/wp-json\/wp\/v2\/tags?post=429934"}],"curies":[{"name":"wp","href":"https:\/\/api.w.org\/{rel}","templated":true}]}}