{"id":429942,"date":"2016-09-19T09:48:23","date_gmt":"2016-09-19T14:48:23","guid":{"rendered":"https:\/\/www.futboltotal.com.mx\/?p=429942"},"modified":"2016-09-19T12:36:47","modified_gmt":"2016-09-19T17:36:47","slug":"cruz-azul-compensa-a-aficion","status":"publish","type":"post","link":"http:\/\/desarrollo.grupomedios.com\/futbol\/destacado-home\/cruz-azul-compensa-a-aficion\/2016\/09","title":{"rendered":"Cruz Azul tambi\u00e9n compensa a su afici\u00f3n"},"content":{"rendered":"<p>Este Apertura 2016, los equipos de la Liga MX se ven espl\u00e9ndidos, o al menos, muestran gratitud y respeto a su afici\u00f3n, ya que Le\u00f3n y Am\u00e9rica, por malos resultados, compensaron a su afici\u00f3n, con una rebaja considerable en las entradas al estadio, ahora <a href=\"http:\/\/www.futboltotal.com.mx\/equipos\/cruz-azul\/\" target=\"_blank\"><strong>Cruz Azul<\/strong><\/a>, implementa la misma estrategia, luego del doloroso rev\u00e9s ante las <em>\u00c1guilas<\/em>, en su \u00faltimo juego en casa.<\/p>\n<p>Para su partido de media semana frente al Toluca, correspondiente a la jornada 10 del Apertura 2016, <strong>Cruz Azul<\/strong> pondr\u00e1 al 2X1 las localidades, con tal de favorecer a la afici\u00f3n, que qued\u00f3 lastimada por el <a href=\"https:\/\/www.futboltotal.com.mx\/2016\/09\/grandes-remontadas-del-america\/\" target=\"_blank\">3-4 que Am\u00e9rica le propin\u00f3 a la <em>M\u00e1quina<\/em> en el estadio Azul<\/a>.<\/p>\n<p>\u201cLa \u00fanica manera de incentivar a la afici\u00f3n, es d\u00e1ndoles satisfacciones, resultados, no nada m\u00e1s medios partidos. Eso en el aspecto futbol\u00edstico. Si te refieres a alguna acci\u00f3n o medida, se requieren de otras \u00e1reas que est\u00e1n revisando la situaci\u00f3n para ver de qu\u00e9 manera incentivar a la afici\u00f3n\u201d, se\u00f1al\u00f3 Eduardo de la Torre, director deportivo de <strong>Cruz Azul<\/strong>, en charla con <em>ESPN<\/em>.<\/p>\n<p style=\"text-align: center;\"><span style=\"color: #3366ff;\"><a style=\"color: #3366ff;\" href=\"https:\/\/www.futboltotal.com.mx\/2016\/09\/11-ideal-la-jornada-9-apertura-2016\/\" target=\"_blank\"><strong>LEER M\u00c1S: El 11 ideal de la jornada 9<\/strong><\/a><\/span><\/p>\n<blockquote class=\"twitter-tweet\" data-lang=\"es\">\n<p dir=\"ltr\" lang=\"es\">Nos vemos ma\u00f1ana en el Azul 2 x 1 en todas las localidades. <a href=\"https:\/\/twitter.com\/hashtag\/AzulEsTodo?src=hash\">#AzulEsTodo<\/a> <a href=\"https:\/\/t.co\/dc6R060IIM\">pic.twitter.com\/dc6R060IIM<\/a><\/p>\n<p>\u2014 CRUZ AZUL FC \u00ae (@Cruz_Azul_FC) <a href=\"https:\/\/twitter.com\/Cruz_Azul_FC\/status\/777879416961699840\">19 de septiembre de 2016<\/a><\/p><\/blockquote>\n<p><script async src=\"\/\/platform.twitter.com\/widgets.js\" charset=\"utf-8\"><\/script><\/p>\n<p>Lo que espera <strong>Cruz Azul<\/strong> y su afici\u00f3n, es que el encuentro no tenga un mal resultado para la <em>M\u00e1quina<\/em>, pues Le\u00f3n, que ofreci\u00f3 pagar la mitad de la taquilla en la jornada 4, fue goleado por Monterrey; mientras que Am\u00e9rica, que dio gratis los boletos para enfrentar a la <em>Fiera<\/em>, tambi\u00e9n recibi\u00f3 una <a href=\"https:\/\/www.futboltotal.com.mx\/2016\/09\/resultados-liga-mx-america-0-2-leon\/\" target=\"_blank\">dolorosa derrota en el Azteca<\/a>.<\/p>\n","protected":false},"excerpt":{"rendered":"<p>Como Le\u00f3n y Am\u00e9rica, la M\u00e1quina tambi\u00e9n piensa premiar a seguidores<\/p>\n","protected":false},"author":20,"featured_media":429944,"comment_status":"closed","ping_status":"closed","sticky":false,"template":"","format":"standard","meta":[],"categories":[5,2198,3845],"tags":[5962],"_links":{"self":[{"href":"http:\/\/desarrollo.grupomedios.com\/futbol\/wp-json\/wp\/v2\/posts\/429942"}],"collection":[{"href":"http:\/\/desarrollo.grupomedios.com\/futbol\/wp-json\/wp\/v2\/posts"}],"about":[{"href":"http:\/\/desarrollo.grupomedios.com\/futbol\/wp-json\/wp\/v2\/types\/post"}],"author":[{"embeddable":true,"href":"http:\/\/desarrollo.grupomedios.com\/futbol\/wp-json\/wp\/v2\/users\/20"}],"replies":[{"embeddable":true,"href":"http:\/\/desarrollo.grupomedios.com\/futbol\/wp-json\/wp\/v2\/comments?post=429942"}],"version-history":[{"count":0,"href":"http:\/\/desarrollo.grupomedios.com\/futbol\/wp-json\/wp\/v2\/posts\/429942\/revisions"}],"wp:featuredmedia":[{"embeddable":true,"href":"http:\/\/desarrollo.grupomedios.com\/futbol\/wp-json\/wp\/v2\/media\/429944"}],"wp:attachment":[{"href":"http:\/\/desarrollo.grupomedios.com\/futbol\/wp-json\/wp\/v2\/media?parent=429942"}],"wp:term":[{"taxonomy":"category","embeddable":true,"href":"http:\/\/desarrollo.grupomedios.com\/futbol\/wp-json\/wp\/v2\/categories?post=429942"},{"taxonomy":"post_tag","embeddable":true,"href":"http:\/\/desarrollo.grupomedios.com\/futbol\/wp-json\/wp\/v2\/tags?post=429942"}],"curies":[{"name":"wp","href":"https:\/\/api.w.org\/{rel}","templated":true}]}}