{"id":429963,"date":"2016-09-20T18:35:20","date_gmt":"2016-09-20T23:35:20","guid":{"rendered":"https:\/\/www.futboltotal.com.mx\/?p=429963"},"modified":"2016-09-20T21:04:02","modified_gmt":"2016-09-21T02:04:02","slug":"en-vivo-cruz-azul-vs-toluca-liga-mx","status":"publish","type":"post","link":"http:\/\/desarrollo.grupomedios.com\/futbol\/futbol-mexicano\/en-vivo-cruz-azul-vs-toluca-liga-mx\/2016\/09","title":{"rendered":"AS\u00cd SE VIVI\u00d3 | Cruz Azul 0-1 Toluca | Liga MX"},"content":{"rendered":"<p><a class=\"twitter-timeline\" href=\"https:\/\/twitter.com\/search?q=from%3ACruz_Azul_FC%2C%20OR%20from%3ATolucaFC\" data-widget-id=\"778379339008061440\">Tweets sobre from:Cruz_Azul_FC, OR from:TolucaFC<\/a><br \/>\n<script>!function(d,s,id){var js,fjs=d.getElementsByTagName(s)[0],p=\/^http:\/.test(d.location)?'http':'https';if(!d.getElementById(id)){js=d.createElement(s);js.id=id;js.src=p+\":\/\/platform.twitter.com\/widgets.js\";fjs.parentNode.insertBefore(js,fjs);}}(document,\"script\",\"twitter-wjs\");<\/script><\/p>\n<p>Este martes 20 de septiembre, el estadio Azul ser\u00e1 testigo del inicio de las acciones de la jornada 10, con el <strong><a href=\"http:\/\/www.futboltotal.com.mx\/equipos\/cruz-azul\/\" target=\"_blank\">Cruz Azul<\/a> vs <a href=\"http:\/\/www.futboltotal.com.mx\/equipos\/toluca\/\" target=\"_blank\">Toluca<\/a><\/strong>, encuentro en el que la <em>M\u00e1quina<\/em> de Tom\u00e1s Boy buscar\u00e1 reconciliarse con su afici\u00f3n, luego de la decepcionante derrota ante Am\u00e9rica, de la jornada 8 del Apertura 2016.<\/p>\n<p><strong>Cruz Azul<\/strong> llega de golear a un debilitado Chiapas, que se encuentra en mal momento an\u00edmico y deportivo, por los problemas, pero a\u00fan est\u00e1 en el ojo del hurac\u00e1n, ya que han sido constantes las decepciones que ha dado a su afici\u00f3n, y en caso de una nueva derrota en casa, el puesto de Tom\u00e1s Boy ser\u00eda puesto en tela de juicio, con mucho m\u00e1s rigor que en anteriores ocasiones, ya que lleva casi un a\u00f1o en el puesto.<\/p>\n<p>Por su parte el <strong>Toluca<\/strong>, parece que encuentra la maduraci\u00f3n bajo la tutela de Hern\u00e1n Cristante, quien en un inicio caus\u00f3 dudas, pero poco a poco, obtiene resultados que ponen a los <em>Diablos<\/em> en zona de calificaci\u00f3n, y hace so\u00f1ar a la afici\u00f3n escarlata con un t\u00edtulo en v\u00edsperas de su centenario.<\/p>\n<p>A inicios del torneo, la <em>M\u00e1quina<\/em> ya estaba sujeta a cr\u00edticas por los dos a\u00f1os sin liguilla, mientras que los <em>Diablos<\/em> estaban en la mira de la prensa como uno de los primeros equipos, que cesar\u00eda a su director t\u00e9cnico; sin embargo, parece que los estrategas nuevos est\u00e1 convenciendo, pues tanto Francisco Palencia como Hern\u00e1n Cristante, dan muestras de talento en el banquillo, en sus primeras experiencias como DT de Liga MX.<\/p>\n<p><strong>Cruz Azul vs Toluca<\/strong>, \u00bfqui\u00e9n ganar\u00e1 este partido, <em>crack<\/em>?<\/p>\n","protected":false},"excerpt":{"rendered":"<p>La M\u00e1quina sigue sin encontrar regularidad<\/p>\n","protected":false},"author":20,"featured_media":430278,"comment_status":"closed","ping_status":"closed","sticky":false,"template":"","format":"standard","meta":[],"categories":[2198,3845],"tags":[5962,5975],"_links":{"self":[{"href":"http:\/\/desarrollo.grupomedios.com\/futbol\/wp-json\/wp\/v2\/posts\/429963"}],"collection":[{"href":"http:\/\/desarrollo.grupomedios.com\/futbol\/wp-json\/wp\/v2\/posts"}],"about":[{"href":"http:\/\/desarrollo.grupomedios.com\/futbol\/wp-json\/wp\/v2\/types\/post"}],"author":[{"embeddable":true,"href":"http:\/\/desarrollo.grupomedios.com\/futbol\/wp-json\/wp\/v2\/users\/20"}],"replies":[{"embeddable":true,"href":"http:\/\/desarrollo.grupomedios.com\/futbol\/wp-json\/wp\/v2\/comments?post=429963"}],"version-history":[{"count":0,"href":"http:\/\/desarrollo.grupomedios.com\/futbol\/wp-json\/wp\/v2\/posts\/429963\/revisions"}],"wp:featuredmedia":[{"embeddable":true,"href":"http:\/\/desarrollo.grupomedios.com\/futbol\/wp-json\/wp\/v2\/media\/430278"}],"wp:attachment":[{"href":"http:\/\/desarrollo.grupomedios.com\/futbol\/wp-json\/wp\/v2\/media?parent=429963"}],"wp:term":[{"taxonomy":"category","embeddable":true,"href":"http:\/\/desarrollo.grupomedios.com\/futbol\/wp-json\/wp\/v2\/categories?post=429963"},{"taxonomy":"post_tag","embeddable":true,"href":"http:\/\/desarrollo.grupomedios.com\/futbol\/wp-json\/wp\/v2\/tags?post=429963"}],"curies":[{"name":"wp","href":"https:\/\/api.w.org\/{rel}","templated":true}]}}