{"id":429969,"date":"2016-09-19T13:06:25","date_gmt":"2016-09-19T18:06:25","guid":{"rendered":"https:\/\/www.futboltotal.com.mx\/?p=429969"},"modified":"2016-09-19T14:07:32","modified_gmt":"2016-09-19T19:07:32","slug":"diego-reyes-elogia-funcionamiento-del-espanyol","status":"publish","type":"post","link":"http:\/\/desarrollo.grupomedios.com\/futbol\/futbol-internacional\/diego-reyes-elogia-funcionamiento-del-espanyol\/2016\/09","title":{"rendered":"Diego Reyes elogia funcionamiento del Espanyol"},"content":{"rendered":"<p>El mexicano <strong>Diego Reyes<\/strong> apareci\u00f3 en la sala de prensa de <strong>Cornella<\/strong> para comparecer por primera vez tras haber debutado este domingo como nuevo jugador del <strong>Espanyol<\/strong>. Sonriente y satisfecho por lo hecho en casa ante el Real Madrid, el zaguero repas\u00f3 el desempe\u00f1\u00f3 de los suyos y eligi\u00f3 el planteamiento de juego que hizo el entrenador <strong>Quique S\u00e1nchez Flores<\/strong>.<strong> \u00a0<\/strong><\/p>\n<p>\u201cTuvimos dos buenas oportunidades, tuvimos el bal\u00f3n mucho tiempo m\u00e1s en el primer tiempo y s\u00f3lo llegaron una vez con claridad a nuestra \u00e1rea. Vamos mejorando\u201d, dijo el defensor sobre sus impresiones del partido frente a los <em>Merengues<\/em>.<\/p>\n<p style=\"text-align: center;\"><a href=\"https:\/\/www.futboltotal.com.mx\/futbol-internacional\/mexicanos-en-europa\/\"><strong><span style=\"color: #3366ff;\">LEER M\u00c1S: Todas las noticias de futbol internacional<\/span><\/strong><\/a><\/p>\n<p><iframe loading=\"lazy\" src=\"https:\/\/www.youtube.com\/embed\/KRj1Zo544rE?feature=oembed\" frameborder=\"0\" allowfullscreen><\/iframe><\/p>\n<p>Transcurridas cuatro jornadas de la Liga 2016-17, el <strong>Espanyol<\/strong> es uno de los seis equipos que aun no consigue ganar (2E 2D), de hecho su comienzo ha sido complicado al ubicarse en el sitio 16 de la clasificaci\u00f3n y con ello tiene prematuros problemas en la lucha por salvar la categor\u00eda.<\/p>\n<p>Sin embargo, <strong>Diego Reyes<\/strong>\u00a0se\u00f1al\u00f3 que &#8220;todos en el club tienen un compromiso para conseguir cosas importantes&#8221;. &#8220;La clave est\u00e1 en seguir trabajando e ir hacia delante con la misma idea&#8221;.<\/p>\n<p>Aunque el mexicano no fue titular y su debut no se dio en la posici\u00f3n habitual de central, se\u00f1al\u00f3 que: &#8220;Donde me necesite el entrenador voy a jugar y tratar\u00e9 de hacerlo de la mejor manera, vengo a sumar sea en la posici\u00f3n que me necesiten\u201d.<\/p>\n<p>El Real Club Deportivo Espanyol de Barcelona se enfrentar\u00e1 este jueves 22 de septiembre contra el Osasuna de Pamplona, en calidad de visitante para la jornada de media semana y disputar el quinto partido del curso.<\/p>\n<p>&nbsp;<\/p>\n","protected":false},"excerpt":{"rendered":"<p>El mexicano habl\u00f3 tras su debut so\u00f1ado ante Real Madrid<\/p>\n","protected":false},"author":20,"featured_media":429978,"comment_status":"closed","ping_status":"closed","sticky":false,"template":"","format":"standard","meta":[],"categories":[3839,3844,6718,5951],"tags":[6006,67,4545],"_links":{"self":[{"href":"http:\/\/desarrollo.grupomedios.com\/futbol\/wp-json\/wp\/v2\/posts\/429969"}],"collection":[{"href":"http:\/\/desarrollo.grupomedios.com\/futbol\/wp-json\/wp\/v2\/posts"}],"about":[{"href":"http:\/\/desarrollo.grupomedios.com\/futbol\/wp-json\/wp\/v2\/types\/post"}],"author":[{"embeddable":true,"href":"http:\/\/desarrollo.grupomedios.com\/futbol\/wp-json\/wp\/v2\/users\/20"}],"replies":[{"embeddable":true,"href":"http:\/\/desarrollo.grupomedios.com\/futbol\/wp-json\/wp\/v2\/comments?post=429969"}],"version-history":[{"count":0,"href":"http:\/\/desarrollo.grupomedios.com\/futbol\/wp-json\/wp\/v2\/posts\/429969\/revisions"}],"wp:featuredmedia":[{"embeddable":true,"href":"http:\/\/desarrollo.grupomedios.com\/futbol\/wp-json\/wp\/v2\/media\/429978"}],"wp:attachment":[{"href":"http:\/\/desarrollo.grupomedios.com\/futbol\/wp-json\/wp\/v2\/media?parent=429969"}],"wp:term":[{"taxonomy":"category","embeddable":true,"href":"http:\/\/desarrollo.grupomedios.com\/futbol\/wp-json\/wp\/v2\/categories?post=429969"},{"taxonomy":"post_tag","embeddable":true,"href":"http:\/\/desarrollo.grupomedios.com\/futbol\/wp-json\/wp\/v2\/tags?post=429969"}],"curies":[{"name":"wp","href":"https:\/\/api.w.org\/{rel}","templated":true}]}}